{"id":9425,"date":"2017-07-22T19:11:39","date_gmt":"2017-07-22T17:11:39","guid":{"rendered":"http:\/\/www.romaoggi.eu\/?p=9425"},"modified":"2017-07-22T19:11:39","modified_gmt":"2017-07-22T17:11:39","slug":"giorgia-bovenzi","status":"publish","type":"post","link":"https:\/\/www.romaoggi.eu\/index.php\/2017\/07\/22\/giorgia-bovenzi\/","title":{"rendered":"Giorgia Bovenzi, stella del Basket apriliano, decolla verso le Olimpiadi di Budapest"},"content":{"rendered":"<h2>Giorgia Bovenzi punta l\u2019European Youth Olimpic Festival<\/h2>\n<p align=\"JUSTIFY\">Giorgia Bovenzi, stella del Basket apriliano, classe 2002, prosegue spedita la sua carriera, ormai \u00e8 ufficiale, e la giovane Giorgia \u00e8 gi\u00e0 pronta per decollare verso Budapest. Dopo una settimana di soggiorno a Roma, ha superato la qualificazione, e la giovane Giorgia \u00e8 stata convocata al Festival olimpico della giovent\u00f9 europea (ufficialmente <a href=\"http:\/\/www.eyof.org\/\">European Youth Olympic Festival<\/a>, pertanto conosciuto anche con il suo acronimo EYOF), una manifestazione multi sportiva europea per giovani atleti, provenienti dai 48 Paesi membri dei Comitati Olimpici Europei.<br \/>\n<img loading=\"lazy\" decoding=\"async\" class=\"alignright wp-image-9434 size-medium\" src=\"https:\/\/www.romaoggi.eu\/wp-content\/uploads\/2017\/07\/IMG_8619-300x219.jpg\" alt=\"alt tag Giorgia bovenzi\" width=\"300\" height=\"219\" srcset=\"https:\/\/www.romaoggi.eu\/wp-content\/uploads\/2017\/07\/IMG_8619-300x219.jpg 300w, https:\/\/www.romaoggi.eu\/wp-content\/uploads\/2017\/07\/IMG_8619.jpg 899w\" sizes=\"auto, (max-width: 300px) 100vw, 300px\" \/><\/p>\n<p align=\"JUSTIFY\">Bovenzi, diventata l\u2019orgoglio assoluto della <a href=\"http:\/\/www.virtusapriliabasket.it\/\">Virtus Basket di Aprilia<\/a>, a grandi passi entra nel mondo della Nazionale femminile, e si \u00e8 aggiudicata il posto fra le prime 12 atlete migliori d\u2019Italia, convocata al Festival olimpico della giovent\u00f9 europea. Le ragazze dopo essersi trovate a Roma il 17 luglio, e rimaste in ritiro fino al 21, dal 22 al 30 saranno poi a Gyor.\u00a0L\u2019European Youth Olympic Festival \u00e8 una delle principali manifestazioni multi sport giovanili. A Gyor saranno presenti tutti e cinquanta i paesi europei. Le discipline in gara saranno atletica, pallacanestro, pallavolo e pallavolo \u2013 maschile e femminile \u2013 ciclismo, ginnastica artistica, judo, nuoto,tennis,e canoa.<\/p>\n<p align=\"JUSTIFY\">La prima partita della nazionale azzurra femminile per la pallacanestro under 16 sar\u00e0 luned\u00ec 24 luglio alle ore 19.00 contro la Spagna. Il 25 (h. 14.30) le nostre connazionali giocheranno contro la Turchia e il 26 (h. 16.45) contro la Bielorussia. Se le azzurre finissero tra le prime due del girone, si potrebbero giocare una medaglia con le semifinali di venerd\u00ec 28 e le finali di sabato 29 luglio. Al Festival, l\u2019unico evento importante creato direttamente per i migliori atleti Europei, possono partecipare gli atleti e le atlete di categoria juniores, Giorgia Bovenzi, a soli 15 anni, sembra aver ormai sancito il suo destino con la pallacanestro, e siamo certi che sta nascendo una nuova stella fra le stelle!.<\/p>\n<p align=\"JUSTIFY\">Tutta la citt\u00e0 di Aprilia\u2026 e provincia, fanno il tifo per la giovane atleta per i successi \u00a0fino ad ora raggiunti<\/p>\n<p>lorella Iaci<\/p>\n<p align=\"JUSTIFY\"><a href=\"https:\/\/www.romaoggi.eu\/index.php\/2017\/07\/11\/maurizio-sibilla\/\"><b>RomaOggi.eu \u2192 Leggi il prossimo articolo<\/b><\/a><\/p>\n","protected":false},"excerpt":{"rendered":"<div class=\"mh-excerpt\"><p>Giorgia Bovenzi punta l\u2019European Youth Olimpic Festival Giorgia Bovenzi, stella del Basket apriliano, classe 2002, prosegue spedita la sua carriera, ormai \u00e8 ufficiale, e la giovane Giorgia \u00e8 gi\u00e0 pronta per decollare verso Budapest. Dopo <a class=\"mh-excerpt-more\" href=\"https:\/\/www.romaoggi.eu\/index.php\/2017\/07\/22\/giorgia-bovenzi\/\" title=\"Giorgia Bovenzi, stella del Basket apriliano, decolla verso le Olimpiadi di Budapest\">[&#8230;]<\/a><\/p>\n<\/div>","protected":false},"author":8,"featured_media":9447,"comment_status":"open","ping_status":"open","sticky":false,"template":"","format":"standard","meta":{"_sitemap_exclude":false,"_sitemap_priority":"","_sitemap_frequency":"","footnotes":""},"categories":[5],"tags":[5378,6944,6439,6946,6948,6943,5294,5544,512,6213,5857,1738,6947,6945],"class_list":["post-9425","post","type-post","status-publish","format-standard","has-post-thumbnail","hentry","category-sport","tag-aprilia","tag-budapest","tag-campione-sportivo","tag-european-youth-olympic-festival","tag-festival-olimpico-della-gioventu-europea","tag-giorgia-bovenzi","tag-lorella-iaci","tag-nuoto","tag-olimpiadi","tag-pallacanestro","tag-pallavolo","tag-romaoggi-eu","tag-sport-giovanili","tag-virtus-basket"],"yoast_head":"<!-- This site is optimized with the Yoast SEO plugin v27.5 - https:\/\/yoast.com\/product\/yoast-seo-wordpress\/ -->\n<title>Giorgia Bovenzi stella del basket apriliano vola alle Olimpiadi di Budapest<\/title>\n<meta name=\"description\" content=\"Giorgia Bovenzi, stella del Basket apriliano,prosegue spedita la sua carriera, \u00e8 gi\u00e0 pronta per decollare verso Budapest.\" \/>\n<meta name=\"robots\" content=\"index, follow, max-snippet:-1, max-image-preview:large, max-video-preview:-1\" \/>\n<link rel=\"canonical\" href=\"https:\/\/www.romaoggi.eu\/index.php\/2017\/07\/22\/giorgia-bovenzi\/\" \/>\n<meta property=\"og:locale\" content=\"it_IT\" \/>\n<meta property=\"og:type\" content=\"article\" \/>\n<meta property=\"og:title\" content=\"Giorgia Bovenzi stella del basket apriliano vola alle Olimpiadi di Budapest\" \/>\n<meta property=\"og:description\" content=\"Giorgia Bovenzi, stella del Basket apriliano,prosegue spedita la sua carriera, \u00e8 gi\u00e0 pronta per decollare verso Budapest.\" \/>\n<meta property=\"og:url\" content=\"https:\/\/www.romaoggi.eu\/index.php\/2017\/07\/22\/giorgia-bovenzi\/\" \/>\n<meta property=\"og:site_name\" content=\"roma oggi\" \/>\n<meta property=\"article:publisher\" content=\"https:\/\/www.facebook.com\/RomaOggi-841544845954114\" \/>\n<meta property=\"article:published_time\" content=\"2017-07-22T17:11:39+00:00\" \/>\n<meta property=\"og:image\" content=\"https:\/\/www.romaoggi.eu\/wp-content\/uploads\/2017\/07\/Giorgia-Bovenzi-Nazionale-Under-16-e1499936054954.jpg\" \/>\n\t<meta property=\"og:image:width\" content=\"610\" \/>\n\t<meta property=\"og:image:height\" content=\"424\" \/>\n\t<meta property=\"og:image:type\" content=\"image\/jpeg\" \/>\n<meta name=\"author\" content=\"Lorella Iaci\" \/>\n<meta name=\"twitter:card\" content=\"summary_large_image\" \/>\n<meta name=\"twitter:creator\" content=\"@romaoggi_eu\" \/>\n<meta name=\"twitter:site\" content=\"@romaoggi_eu\" \/>\n<meta name=\"twitter:label1\" content=\"Scritto da\" \/>\n\t<meta name=\"twitter:data1\" content=\"Lorella Iaci\" \/>\n\t<meta name=\"twitter:label2\" content=\"Tempo di lettura stimato\" \/>\n\t<meta name=\"twitter:data2\" content=\"2 minuti\" \/>\n<script type=\"application\/ld+json\" class=\"yoast-schema-graph\">{\"@context\":\"https:\\\/\\\/schema.org\",\"@graph\":[{\"@type\":\"Article\",\"@id\":\"https:\\\/\\\/www.romaoggi.eu\\\/index.php\\\/2017\\\/07\\\/22\\\/giorgia-bovenzi\\\/#article\",\"isPartOf\":{\"@id\":\"https:\\\/\\\/www.romaoggi.eu\\\/index.php\\\/2017\\\/07\\\/22\\\/giorgia-bovenzi\\\/\"},\"author\":{\"name\":\"Lorella Iaci\",\"@id\":\"https:\\\/\\\/www.romaoggi.eu\\\/#\\\/schema\\\/person\\\/ad7b70148e60a0d338e73d0565829be4\"},\"headline\":\"Giorgia Bovenzi, stella del Basket apriliano, decolla verso le Olimpiadi di Budapest\",\"datePublished\":\"2017-07-22T17:11:39+00:00\",\"mainEntityOfPage\":{\"@id\":\"https:\\\/\\\/www.romaoggi.eu\\\/index.php\\\/2017\\\/07\\\/22\\\/giorgia-bovenzi\\\/\"},\"wordCount\":337,\"commentCount\":0,\"publisher\":{\"@id\":\"https:\\\/\\\/www.romaoggi.eu\\\/#organization\"},\"image\":{\"@id\":\"https:\\\/\\\/www.romaoggi.eu\\\/index.php\\\/2017\\\/07\\\/22\\\/giorgia-bovenzi\\\/#primaryimage\"},\"thumbnailUrl\":\"https:\\\/\\\/www.romaoggi.eu\\\/wp-content\\\/uploads\\\/2017\\\/07\\\/Giorgia-Bovenzi-Nazionale-Under-16-e1499936054954.jpg\",\"keywords\":[\"Aprilia\",\"Budapest\",\"Campione sportivo\",\"european Youth Olympic festival\",\"Festival Olimpico della Giovent\u00f9 Europea\",\"Giorgia Bovenzi\",\"Lorella iaci\",\"nuoto\",\"Olimpiadi\",\"Pallacanestro\",\"Pallavolo\",\"RomaOggi.eu\",\"sport giovanili\",\"Virtus Basket\"],\"articleSection\":[\"Sport\"],\"inLanguage\":\"it-IT\",\"potentialAction\":[{\"@type\":\"CommentAction\",\"name\":\"Comment\",\"target\":[\"https:\\\/\\\/www.romaoggi.eu\\\/index.php\\\/2017\\\/07\\\/22\\\/giorgia-bovenzi\\\/#respond\"]}]},{\"@type\":\"WebPage\",\"@id\":\"https:\\\/\\\/www.romaoggi.eu\\\/index.php\\\/2017\\\/07\\\/22\\\/giorgia-bovenzi\\\/\",\"url\":\"https:\\\/\\\/www.romaoggi.eu\\\/index.php\\\/2017\\\/07\\\/22\\\/giorgia-bovenzi\\\/\",\"name\":\"Giorgia Bovenzi stella del basket apriliano vola alle Olimpiadi di Budapest\",\"isPartOf\":{\"@id\":\"https:\\\/\\\/www.romaoggi.eu\\\/#website\"},\"primaryImageOfPage\":{\"@id\":\"https:\\\/\\\/www.romaoggi.eu\\\/index.php\\\/2017\\\/07\\\/22\\\/giorgia-bovenzi\\\/#primaryimage\"},\"image\":{\"@id\":\"https:\\\/\\\/www.romaoggi.eu\\\/index.php\\\/2017\\\/07\\\/22\\\/giorgia-bovenzi\\\/#primaryimage\"},\"thumbnailUrl\":\"https:\\\/\\\/www.romaoggi.eu\\\/wp-content\\\/uploads\\\/2017\\\/07\\\/Giorgia-Bovenzi-Nazionale-Under-16-e1499936054954.jpg\",\"datePublished\":\"2017-07-22T17:11:39+00:00\",\"description\":\"Giorgia Bovenzi, stella del Basket apriliano,prosegue spedita la sua carriera, \u00e8 gi\u00e0 pronta per decollare verso Budapest.\",\"breadcrumb\":{\"@id\":\"https:\\\/\\\/www.romaoggi.eu\\\/index.php\\\/2017\\\/07\\\/22\\\/giorgia-bovenzi\\\/#breadcrumb\"},\"inLanguage\":\"it-IT\",\"potentialAction\":[{\"@type\":\"ReadAction\",\"target\":[\"https:\\\/\\\/www.romaoggi.eu\\\/index.php\\\/2017\\\/07\\\/22\\\/giorgia-bovenzi\\\/\"]}]},{\"@type\":\"ImageObject\",\"inLanguage\":\"it-IT\",\"@id\":\"https:\\\/\\\/www.romaoggi.eu\\\/index.php\\\/2017\\\/07\\\/22\\\/giorgia-bovenzi\\\/#primaryimage\",\"url\":\"https:\\\/\\\/www.romaoggi.eu\\\/wp-content\\\/uploads\\\/2017\\\/07\\\/Giorgia-Bovenzi-Nazionale-Under-16-e1499936054954.jpg\",\"contentUrl\":\"https:\\\/\\\/www.romaoggi.eu\\\/wp-content\\\/uploads\\\/2017\\\/07\\\/Giorgia-Bovenzi-Nazionale-Under-16-e1499936054954.jpg\",\"width\":610,\"height\":424,\"caption\":\"Alt text Giorgia Bovenzi\"},{\"@type\":\"BreadcrumbList\",\"@id\":\"https:\\\/\\\/www.romaoggi.eu\\\/index.php\\\/2017\\\/07\\\/22\\\/giorgia-bovenzi\\\/#breadcrumb\",\"itemListElement\":[{\"@type\":\"ListItem\",\"position\":1,\"name\":\"Home\",\"item\":\"https:\\\/\\\/www.romaoggi.eu\\\/\"},{\"@type\":\"ListItem\",\"position\":2,\"name\":\"Giorgia Bovenzi, stella del Basket apriliano, decolla verso le Olimpiadi di Budapest\"}]},{\"@type\":\"WebSite\",\"@id\":\"https:\\\/\\\/www.romaoggi.eu\\\/#website\",\"url\":\"https:\\\/\\\/www.romaoggi.eu\\\/\",\"name\":\"roma oggi\",\"description\":\"Interesting News for Interesting people\",\"publisher\":{\"@id\":\"https:\\\/\\\/www.romaoggi.eu\\\/#organization\"},\"potentialAction\":[{\"@type\":\"SearchAction\",\"target\":{\"@type\":\"EntryPoint\",\"urlTemplate\":\"https:\\\/\\\/www.romaoggi.eu\\\/?s={search_term_string}\"},\"query-input\":{\"@type\":\"PropertyValueSpecification\",\"valueRequired\":true,\"valueName\":\"search_term_string\"}}],\"inLanguage\":\"it-IT\"},{\"@type\":\"Organization\",\"@id\":\"https:\\\/\\\/www.romaoggi.eu\\\/#organization\",\"name\":\"RomaOggi\",\"url\":\"https:\\\/\\\/www.romaoggi.eu\\\/\",\"logo\":{\"@type\":\"ImageObject\",\"inLanguage\":\"it-IT\",\"@id\":\"https:\\\/\\\/www.romaoggi.eu\\\/#\\\/schema\\\/logo\\\/image\\\/\",\"url\":\"https:\\\/\\\/www.romaoggi.eu\\\/wp-content\\\/uploads\\\/2017\\\/04\\\/logowp.jpg\",\"contentUrl\":\"https:\\\/\\\/www.romaoggi.eu\\\/wp-content\\\/uploads\\\/2017\\\/04\\\/logowp.jpg\",\"width\":300,\"height\":133,\"caption\":\"RomaOggi\"},\"image\":{\"@id\":\"https:\\\/\\\/www.romaoggi.eu\\\/#\\\/schema\\\/logo\\\/image\\\/\"},\"sameAs\":[\"https:\\\/\\\/www.facebook.com\\\/RomaOggi-841544845954114\",\"https:\\\/\\\/x.com\\\/romaoggi_eu\"]},{\"@type\":\"Person\",\"@id\":\"https:\\\/\\\/www.romaoggi.eu\\\/#\\\/schema\\\/person\\\/ad7b70148e60a0d338e73d0565829be4\",\"name\":\"Lorella Iaci\",\"image\":{\"@type\":\"ImageObject\",\"inLanguage\":\"it-IT\",\"@id\":\"https:\\\/\\\/secure.gravatar.com\\\/avatar\\\/2e8016efed3d5fbee04daf254a3494924254701903584f9c0cb2504f0cdc20eb?s=96&d=mm&r=g\",\"url\":\"https:\\\/\\\/secure.gravatar.com\\\/avatar\\\/2e8016efed3d5fbee04daf254a3494924254701903584f9c0cb2504f0cdc20eb?s=96&d=mm&r=g\",\"contentUrl\":\"https:\\\/\\\/secure.gravatar.com\\\/avatar\\\/2e8016efed3d5fbee04daf254a3494924254701903584f9c0cb2504f0cdc20eb?s=96&d=mm&r=g\",\"caption\":\"Lorella Iaci\"},\"url\":\"https:\\\/\\\/www.romaoggi.eu\\\/index.php\\\/author\\\/lorella\\\/\"}]}<\/script>\n<!-- \/ Yoast SEO plugin. -->","yoast_head_json":{"title":"Giorgia Bovenzi stella del basket apriliano vola alle Olimpiadi di Budapest","description":"Giorgia Bovenzi, stella del Basket apriliano,prosegue spedita la sua carriera, \u00e8 gi\u00e0 pronta per decollare verso Budapest.","robots":{"index":"index","follow":"follow","max-snippet":"max-snippet:-1","max-image-preview":"max-image-preview:large","max-video-preview":"max-video-preview:-1"},"canonical":"https:\/\/www.romaoggi.eu\/index.php\/2017\/07\/22\/giorgia-bovenzi\/","og_locale":"it_IT","og_type":"article","og_title":"Giorgia Bovenzi stella del basket apriliano vola alle Olimpiadi di Budapest","og_description":"Giorgia Bovenzi, stella del Basket apriliano,prosegue spedita la sua carriera, \u00e8 gi\u00e0 pronta per decollare verso Budapest.","og_url":"https:\/\/www.romaoggi.eu\/index.php\/2017\/07\/22\/giorgia-bovenzi\/","og_site_name":"roma oggi","article_publisher":"https:\/\/www.facebook.com\/RomaOggi-841544845954114","article_published_time":"2017-07-22T17:11:39+00:00","og_image":[{"width":610,"height":424,"url":"https:\/\/www.romaoggi.eu\/wp-content\/uploads\/2017\/07\/Giorgia-Bovenzi-Nazionale-Under-16-e1499936054954.jpg","type":"image\/jpeg"}],"author":"Lorella Iaci","twitter_card":"summary_large_image","twitter_creator":"@romaoggi_eu","twitter_site":"@romaoggi_eu","twitter_misc":{"Scritto da":"Lorella Iaci","Tempo di lettura stimato":"2 minuti"},"schema":{"@context":"https:\/\/schema.org","@graph":[{"@type":"Article","@id":"https:\/\/www.romaoggi.eu\/index.php\/2017\/07\/22\/giorgia-bovenzi\/#article","isPartOf":{"@id":"https:\/\/www.romaoggi.eu\/index.php\/2017\/07\/22\/giorgia-bovenzi\/"},"author":{"name":"Lorella Iaci","@id":"https:\/\/www.romaoggi.eu\/#\/schema\/person\/ad7b70148e60a0d338e73d0565829be4"},"headline":"Giorgia Bovenzi, stella del Basket apriliano, decolla verso le Olimpiadi di Budapest","datePublished":"2017-07-22T17:11:39+00:00","mainEntityOfPage":{"@id":"https:\/\/www.romaoggi.eu\/index.php\/2017\/07\/22\/giorgia-bovenzi\/"},"wordCount":337,"commentCount":0,"publisher":{"@id":"https:\/\/www.romaoggi.eu\/#organization"},"image":{"@id":"https:\/\/www.romaoggi.eu\/index.php\/2017\/07\/22\/giorgia-bovenzi\/#primaryimage"},"thumbnailUrl":"https:\/\/www.romaoggi.eu\/wp-content\/uploads\/2017\/07\/Giorgia-Bovenzi-Nazionale-Under-16-e1499936054954.jpg","keywords":["Aprilia","Budapest","Campione sportivo","european Youth Olympic festival","Festival Olimpico della Giovent\u00f9 Europea","Giorgia Bovenzi","Lorella iaci","nuoto","Olimpiadi","Pallacanestro","Pallavolo","RomaOggi.eu","sport giovanili","Virtus Basket"],"articleSection":["Sport"],"inLanguage":"it-IT","potentialAction":[{"@type":"CommentAction","name":"Comment","target":["https:\/\/www.romaoggi.eu\/index.php\/2017\/07\/22\/giorgia-bovenzi\/#respond"]}]},{"@type":"WebPage","@id":"https:\/\/www.romaoggi.eu\/index.php\/2017\/07\/22\/giorgia-bovenzi\/","url":"https:\/\/www.romaoggi.eu\/index.php\/2017\/07\/22\/giorgia-bovenzi\/","name":"Giorgia Bovenzi stella del basket apriliano vola alle Olimpiadi di Budapest","isPartOf":{"@id":"https:\/\/www.romaoggi.eu\/#website"},"primaryImageOfPage":{"@id":"https:\/\/www.romaoggi.eu\/index.php\/2017\/07\/22\/giorgia-bovenzi\/#primaryimage"},"image":{"@id":"https:\/\/www.romaoggi.eu\/index.php\/2017\/07\/22\/giorgia-bovenzi\/#primaryimage"},"thumbnailUrl":"https:\/\/www.romaoggi.eu\/wp-content\/uploads\/2017\/07\/Giorgia-Bovenzi-Nazionale-Under-16-e1499936054954.jpg","datePublished":"2017-07-22T17:11:39+00:00","description":"Giorgia Bovenzi, stella del Basket apriliano,prosegue spedita la sua carriera, \u00e8 gi\u00e0 pronta per decollare verso Budapest.","breadcrumb":{"@id":"https:\/\/www.romaoggi.eu\/index.php\/2017\/07\/22\/giorgia-bovenzi\/#breadcrumb"},"inLanguage":"it-IT","potentialAction":[{"@type":"ReadAction","target":["https:\/\/www.romaoggi.eu\/index.php\/2017\/07\/22\/giorgia-bovenzi\/"]}]},{"@type":"ImageObject","inLanguage":"it-IT","@id":"https:\/\/www.romaoggi.eu\/index.php\/2017\/07\/22\/giorgia-bovenzi\/#primaryimage","url":"https:\/\/www.romaoggi.eu\/wp-content\/uploads\/2017\/07\/Giorgia-Bovenzi-Nazionale-Under-16-e1499936054954.jpg","contentUrl":"https:\/\/www.romaoggi.eu\/wp-content\/uploads\/2017\/07\/Giorgia-Bovenzi-Nazionale-Under-16-e1499936054954.jpg","width":610,"height":424,"caption":"Alt text Giorgia Bovenzi"},{"@type":"BreadcrumbList","@id":"https:\/\/www.romaoggi.eu\/index.php\/2017\/07\/22\/giorgia-bovenzi\/#breadcrumb","itemListElement":[{"@type":"ListItem","position":1,"name":"Home","item":"https:\/\/www.romaoggi.eu\/"},{"@type":"ListItem","position":2,"name":"Giorgia Bovenzi, stella del Basket apriliano, decolla verso le Olimpiadi di Budapest"}]},{"@type":"WebSite","@id":"https:\/\/www.romaoggi.eu\/#website","url":"https:\/\/www.romaoggi.eu\/","name":"roma oggi","description":"Interesting News for Interesting people","publisher":{"@id":"https:\/\/www.romaoggi.eu\/#organization"},"potentialAction":[{"@type":"SearchAction","target":{"@type":"EntryPoint","urlTemplate":"https:\/\/www.romaoggi.eu\/?s={search_term_string}"},"query-input":{"@type":"PropertyValueSpecification","valueRequired":true,"valueName":"search_term_string"}}],"inLanguage":"it-IT"},{"@type":"Organization","@id":"https:\/\/www.romaoggi.eu\/#organization","name":"RomaOggi","url":"https:\/\/www.romaoggi.eu\/","logo":{"@type":"ImageObject","inLanguage":"it-IT","@id":"https:\/\/www.romaoggi.eu\/#\/schema\/logo\/image\/","url":"https:\/\/www.romaoggi.eu\/wp-content\/uploads\/2017\/04\/logowp.jpg","contentUrl":"https:\/\/www.romaoggi.eu\/wp-content\/uploads\/2017\/04\/logowp.jpg","width":300,"height":133,"caption":"RomaOggi"},"image":{"@id":"https:\/\/www.romaoggi.eu\/#\/schema\/logo\/image\/"},"sameAs":["https:\/\/www.facebook.com\/RomaOggi-841544845954114","https:\/\/x.com\/romaoggi_eu"]},{"@type":"Person","@id":"https:\/\/www.romaoggi.eu\/#\/schema\/person\/ad7b70148e60a0d338e73d0565829be4","name":"Lorella Iaci","image":{"@type":"ImageObject","inLanguage":"it-IT","@id":"https:\/\/secure.gravatar.com\/avatar\/2e8016efed3d5fbee04daf254a3494924254701903584f9c0cb2504f0cdc20eb?s=96&d=mm&r=g","url":"https:\/\/secure.gravatar.com\/avatar\/2e8016efed3d5fbee04daf254a3494924254701903584f9c0cb2504f0cdc20eb?s=96&d=mm&r=g","contentUrl":"https:\/\/secure.gravatar.com\/avatar\/2e8016efed3d5fbee04daf254a3494924254701903584f9c0cb2504f0cdc20eb?s=96&d=mm&r=g","caption":"Lorella Iaci"},"url":"https:\/\/www.romaoggi.eu\/index.php\/author\/lorella\/"}]}},"_links":{"self":[{"href":"https:\/\/www.romaoggi.eu\/index.php\/wp-json\/wp\/v2\/posts\/9425","targetHints":{"allow":["GET"]}}],"collection":[{"href":"https:\/\/www.romaoggi.eu\/index.php\/wp-json\/wp\/v2\/posts"}],"about":[{"href":"https:\/\/www.romaoggi.eu\/index.php\/wp-json\/wp\/v2\/types\/post"}],"author":[{"embeddable":true,"href":"https:\/\/www.romaoggi.eu\/index.php\/wp-json\/wp\/v2\/users\/8"}],"replies":[{"embeddable":true,"href":"https:\/\/www.romaoggi.eu\/index.php\/wp-json\/wp\/v2\/comments?post=9425"}],"version-history":[{"count":19,"href":"https:\/\/www.romaoggi.eu\/index.php\/wp-json\/wp\/v2\/posts\/9425\/revisions"}],"predecessor-version":[{"id":9449,"href":"https:\/\/www.romaoggi.eu\/index.php\/wp-json\/wp\/v2\/posts\/9425\/revisions\/9449"}],"wp:featuredmedia":[{"embeddable":true,"href":"https:\/\/www.romaoggi.eu\/index.php\/wp-json\/wp\/v2\/media\/9447"}],"wp:attachment":[{"href":"https:\/\/www.romaoggi.eu\/index.php\/wp-json\/wp\/v2\/media?parent=9425"}],"wp:term":[{"taxonomy":"category","embeddable":true,"href":"https:\/\/www.romaoggi.eu\/index.php\/wp-json\/wp\/v2\/categories?post=9425"},{"taxonomy":"post_tag","embeddable":true,"href":"https:\/\/www.romaoggi.eu\/index.php\/wp-json\/wp\/v2\/tags?post=9425"}],"curies":[{"name":"wp","href":"https:\/\/api.w.org\/{rel}","templated":true}]}}