{"id":9638,"date":"2017-08-01T13:56:29","date_gmt":"2017-08-01T11:56:29","guid":{"rendered":"http:\/\/www.romaoggi.eu\/?p=9638"},"modified":"2017-08-01T13:56:29","modified_gmt":"2017-08-01T11:56:29","slug":"emergenza-idrica-roma","status":"publish","type":"post","link":"https:\/\/www.romaoggi.eu\/index.php\/2017\/08\/01\/emergenza-idrica-roma\/","title":{"rendered":"Emergenza idrica a Roma, il ministro Galletti sollecita una soluzione a lungo termine"},"content":{"rendered":"<h2>Il ministro Galletti auspica un accordo tra Acea e il Comune di Roma per trovare una soluzione all&#8217;emergenza idrica della capitale<\/h2>\n<p align=\"JUSTIFY\"><span style=\"font-size: medium;\"><b>-Emergenza idrica Roma:<\/b><\/span><b> <\/b><span style=\"font-size: medium;\"><i>\u00ab<\/i><\/span><i>Quella che noi abbiamo approvato grazie alla disponibilit\u00e0 di Zingaretti \u00e8 una soluzione transitoria. Mi aspetto che in questo mese <a href=\"https:\/\/www.acea.it\/it\">Acea<\/a> e <a href=\"http:\/\/www.comune.roma.it\/pcr\/do\/jpsite\/Site\/home\">Comune di Roma<\/a> trovino una soluzione perch\u00e9 la situazione non sia pi\u00f9 emergenziale.<\/i><span style=\"font-size: medium;\">\u00bb <\/span><b>A dirlo \u00e8 stato il <a href=\"http:\/\/www.minambiente.it\/\">ministro dell&#8217;Ambiente<\/a> <a href=\"http:\/\/www.governo.it\/governo\/gentiloni-paolo\/ministro\/gian-luca-galletti\">Gian Luca Galletti<\/a><\/b>, in audizione in commissione Ambiente alla Camera, parlando dell&#8217;emergenza idrica nella capitale e della situazione del lago di Bracciano.<\/p>\n<p align=\"JUSTIFY\"><img loading=\"lazy\" decoding=\"async\" class=\"alignleft wp-image-9641 size-medium\" src=\"https:\/\/www.romaoggi.eu\/wp-content\/uploads\/2017\/08\/4bbb16c7-b01d-4037-b4a3-85a4e24cd93a_large-300x200.jpg\" alt=\"Alt text emergenza idrica\" width=\"300\" height=\"200\" srcset=\"https:\/\/www.romaoggi.eu\/wp-content\/uploads\/2017\/08\/4bbb16c7-b01d-4037-b4a3-85a4e24cd93a_large-300x200.jpg 300w, https:\/\/www.romaoggi.eu\/wp-content\/uploads\/2017\/08\/4bbb16c7-b01d-4037-b4a3-85a4e24cd93a_large-1024x682.jpg 1024w, https:\/\/www.romaoggi.eu\/wp-content\/uploads\/2017\/08\/4bbb16c7-b01d-4037-b4a3-85a4e24cd93a_large.jpg 1280w\" sizes=\"auto, (max-width: 300px) 100vw, 300px\" \/><\/p>\n<p align=\"JUSTIFY\">La causa di questa emergenza idrica, \u00e8 il prosciugamento del lago di Bracciano, tra i pi\u00f9 grandi bacini del Centro Italia, che \u00e8 una delle riserve idriche della citt\u00e0 di Roma. Nell&#8217;ultimo periodo il lago sta soffrendo molto per la mancanza della pioggia. Al centro del problema per\u00f2, oltre alla mancanza della pioggia, c\u2019\u00e8 anche la dispersione dell\u2019acqua nelle vecchie tubature, che si stima perdano il 40% dell\u2019acqua che trasportano.<\/p>\n<p align=\"JUSTIFY\"><a href=\"https:\/\/www.romaoggi.eu\/index.php\/2017\/07\/23\/razionamento-dellacqua\/\"><b>RomaOggi.Eu \u2192 Leggi il prossimo articolo<\/b><\/a><\/p>\n<p align=\"JUSTIFY\">La Redazione<\/p>\n","protected":false},"excerpt":{"rendered":"<div class=\"mh-excerpt\"><p>Il ministro Galletti auspica un accordo tra Acea e il Comune di Roma per trovare una soluzione all&#8217;emergenza idrica della capitale -Emergenza idrica Roma: \u00abQuella che noi abbiamo approvato grazie alla disponibilit\u00e0 di Zingaretti \u00e8 <a class=\"mh-excerpt-more\" href=\"https:\/\/www.romaoggi.eu\/index.php\/2017\/08\/01\/emergenza-idrica-roma\/\" title=\"Emergenza idrica a Roma, il ministro Galletti sollecita una soluzione a lungo termine\">[&#8230;]<\/a><\/p>\n<\/div>","protected":false},"author":5,"featured_media":9639,"comment_status":"open","ping_status":"open","sticky":false,"template":"","format":"standard","meta":{"_sitemap_exclude":false,"_sitemap_priority":"","_sitemap_frequency":"","footnotes":""},"categories":[522],"tags":[6951,1508,26,7094,7096,7095,109,1738,634,6950],"class_list":["post-9638","post","type-post","status-publish","format-standard","has-post-thumbnail","hentry","category-attualita","tag-acea","tag-comune-di-roma","tag-cristiano-morelli","tag-emergenza-idrica","tag-galletti","tag-lago-bracciano","tag-roma","tag-romaoggi-eu","tag-rome","tag-siccita"],"yoast_head":"<!-- This site is optimized with the Yoast SEO plugin v27.5 - https:\/\/yoast.com\/product\/yoast-seo-wordpress\/ -->\n<title>Emergenza idrica a Roma, il ministro Galletti sollecita una soluzione a lungo termine<\/title>\n<meta name=\"description\" content=\"-Emergenza idrica Roma: \u00abQuella che noi abbiamo approvato grazie alla disponibilit\u00e0 di Zingaretti \u00e8 una soluzione transitoria. Mi aspetto che in...\" \/>\n<meta name=\"robots\" content=\"index, follow, max-snippet:-1, max-image-preview:large, max-video-preview:-1\" \/>\n<link rel=\"canonical\" href=\"https:\/\/www.romaoggi.eu\/index.php\/2017\/08\/01\/emergenza-idrica-roma\/\" \/>\n<meta property=\"og:locale\" content=\"it_IT\" \/>\n<meta property=\"og:type\" content=\"article\" \/>\n<meta property=\"og:title\" content=\"Emergenza idrica a Roma, il ministro Galletti sollecita una soluzione a lungo termine\" \/>\n<meta property=\"og:description\" content=\"-Emergenza idrica Roma: \u00abQuella che noi abbiamo approvato grazie alla disponibilit\u00e0 di Zingaretti \u00e8 una soluzione transitoria. Mi aspetto che in...\" \/>\n<meta property=\"og:url\" content=\"https:\/\/www.romaoggi.eu\/index.php\/2017\/08\/01\/emergenza-idrica-roma\/\" \/>\n<meta property=\"og:site_name\" content=\"roma oggi\" \/>\n<meta property=\"article:publisher\" content=\"https:\/\/www.facebook.com\/RomaOggi-841544845954114\" \/>\n<meta property=\"article:published_time\" content=\"2017-08-01T11:56:29+00:00\" \/>\n<meta property=\"og:image\" content=\"https:\/\/www.romaoggi.eu\/wp-content\/uploads\/2017\/08\/nasoni.jpg\" \/>\n\t<meta property=\"og:image:width\" content=\"1280\" \/>\n\t<meta property=\"og:image:height\" content=\"853\" \/>\n\t<meta property=\"og:image:type\" content=\"image\/jpeg\" \/>\n<meta name=\"author\" content=\"Flavio\" \/>\n<meta name=\"twitter:card\" content=\"summary_large_image\" \/>\n<meta name=\"twitter:creator\" content=\"@romaoggi_eu\" \/>\n<meta name=\"twitter:site\" content=\"@romaoggi_eu\" \/>\n<meta name=\"twitter:label1\" content=\"Scritto da\" \/>\n\t<meta name=\"twitter:data1\" content=\"Flavio\" \/>\n\t<meta name=\"twitter:label2\" content=\"Tempo di lettura stimato\" \/>\n\t<meta name=\"twitter:data2\" content=\"1 minuto\" \/>\n<script type=\"application\/ld+json\" class=\"yoast-schema-graph\">{\"@context\":\"https:\\\/\\\/schema.org\",\"@graph\":[{\"@type\":\"Article\",\"@id\":\"https:\\\/\\\/www.romaoggi.eu\\\/index.php\\\/2017\\\/08\\\/01\\\/emergenza-idrica-roma\\\/#article\",\"isPartOf\":{\"@id\":\"https:\\\/\\\/www.romaoggi.eu\\\/index.php\\\/2017\\\/08\\\/01\\\/emergenza-idrica-roma\\\/\"},\"author\":{\"name\":\"Flavio\",\"@id\":\"https:\\\/\\\/www.romaoggi.eu\\\/#\\\/schema\\\/person\\\/cc12bfd93370392d7e41d243e47e6681\"},\"headline\":\"Emergenza idrica a Roma, il ministro Galletti sollecita una soluzione a lungo termine\",\"datePublished\":\"2017-08-01T11:56:29+00:00\",\"mainEntityOfPage\":{\"@id\":\"https:\\\/\\\/www.romaoggi.eu\\\/index.php\\\/2017\\\/08\\\/01\\\/emergenza-idrica-roma\\\/\"},\"wordCount\":180,\"commentCount\":0,\"publisher\":{\"@id\":\"https:\\\/\\\/www.romaoggi.eu\\\/#organization\"},\"image\":{\"@id\":\"https:\\\/\\\/www.romaoggi.eu\\\/index.php\\\/2017\\\/08\\\/01\\\/emergenza-idrica-roma\\\/#primaryimage\"},\"thumbnailUrl\":\"https:\\\/\\\/www.romaoggi.eu\\\/wp-content\\\/uploads\\\/2017\\\/08\\\/nasoni.jpg\",\"keywords\":[\"Acea\",\"Comune di Roma\",\"cristiano morelli\",\"emergenza idrica\",\"Galletti\",\"Lago Bracciano\",\"roma\",\"RomaOggi.eu\",\"rome\",\"Siccit\u00e0\"],\"articleSection\":[\"attualit\u00e0\"],\"inLanguage\":\"it-IT\",\"potentialAction\":[{\"@type\":\"CommentAction\",\"name\":\"Comment\",\"target\":[\"https:\\\/\\\/www.romaoggi.eu\\\/index.php\\\/2017\\\/08\\\/01\\\/emergenza-idrica-roma\\\/#respond\"]}]},{\"@type\":\"WebPage\",\"@id\":\"https:\\\/\\\/www.romaoggi.eu\\\/index.php\\\/2017\\\/08\\\/01\\\/emergenza-idrica-roma\\\/\",\"url\":\"https:\\\/\\\/www.romaoggi.eu\\\/index.php\\\/2017\\\/08\\\/01\\\/emergenza-idrica-roma\\\/\",\"name\":\"Emergenza idrica a Roma, il ministro Galletti sollecita una soluzione a lungo termine\",\"isPartOf\":{\"@id\":\"https:\\\/\\\/www.romaoggi.eu\\\/#website\"},\"primaryImageOfPage\":{\"@id\":\"https:\\\/\\\/www.romaoggi.eu\\\/index.php\\\/2017\\\/08\\\/01\\\/emergenza-idrica-roma\\\/#primaryimage\"},\"image\":{\"@id\":\"https:\\\/\\\/www.romaoggi.eu\\\/index.php\\\/2017\\\/08\\\/01\\\/emergenza-idrica-roma\\\/#primaryimage\"},\"thumbnailUrl\":\"https:\\\/\\\/www.romaoggi.eu\\\/wp-content\\\/uploads\\\/2017\\\/08\\\/nasoni.jpg\",\"datePublished\":\"2017-08-01T11:56:29+00:00\",\"description\":\"-Emergenza idrica Roma: \u00abQuella che noi abbiamo approvato grazie alla disponibilit\u00e0 di Zingaretti \u00e8 una soluzione transitoria. Mi aspetto che in...\",\"breadcrumb\":{\"@id\":\"https:\\\/\\\/www.romaoggi.eu\\\/index.php\\\/2017\\\/08\\\/01\\\/emergenza-idrica-roma\\\/#breadcrumb\"},\"inLanguage\":\"it-IT\",\"potentialAction\":[{\"@type\":\"ReadAction\",\"target\":[\"https:\\\/\\\/www.romaoggi.eu\\\/index.php\\\/2017\\\/08\\\/01\\\/emergenza-idrica-roma\\\/\"]}]},{\"@type\":\"ImageObject\",\"inLanguage\":\"it-IT\",\"@id\":\"https:\\\/\\\/www.romaoggi.eu\\\/index.php\\\/2017\\\/08\\\/01\\\/emergenza-idrica-roma\\\/#primaryimage\",\"url\":\"https:\\\/\\\/www.romaoggi.eu\\\/wp-content\\\/uploads\\\/2017\\\/08\\\/nasoni.jpg\",\"contentUrl\":\"https:\\\/\\\/www.romaoggi.eu\\\/wp-content\\\/uploads\\\/2017\\\/08\\\/nasoni.jpg\",\"width\":1280,\"height\":853,\"caption\":\"Alt text emergenza idrica\"},{\"@type\":\"BreadcrumbList\",\"@id\":\"https:\\\/\\\/www.romaoggi.eu\\\/index.php\\\/2017\\\/08\\\/01\\\/emergenza-idrica-roma\\\/#breadcrumb\",\"itemListElement\":[{\"@type\":\"ListItem\",\"position\":1,\"name\":\"Home\",\"item\":\"https:\\\/\\\/www.romaoggi.eu\\\/\"},{\"@type\":\"ListItem\",\"position\":2,\"name\":\"Emergenza idrica a Roma, il ministro Galletti sollecita una soluzione a lungo termine\"}]},{\"@type\":\"WebSite\",\"@id\":\"https:\\\/\\\/www.romaoggi.eu\\\/#website\",\"url\":\"https:\\\/\\\/www.romaoggi.eu\\\/\",\"name\":\"roma oggi\",\"description\":\"Interesting News for Interesting people\",\"publisher\":{\"@id\":\"https:\\\/\\\/www.romaoggi.eu\\\/#organization\"},\"potentialAction\":[{\"@type\":\"SearchAction\",\"target\":{\"@type\":\"EntryPoint\",\"urlTemplate\":\"https:\\\/\\\/www.romaoggi.eu\\\/?s={search_term_string}\"},\"query-input\":{\"@type\":\"PropertyValueSpecification\",\"valueRequired\":true,\"valueName\":\"search_term_string\"}}],\"inLanguage\":\"it-IT\"},{\"@type\":\"Organization\",\"@id\":\"https:\\\/\\\/www.romaoggi.eu\\\/#organization\",\"name\":\"RomaOggi\",\"url\":\"https:\\\/\\\/www.romaoggi.eu\\\/\",\"logo\":{\"@type\":\"ImageObject\",\"inLanguage\":\"it-IT\",\"@id\":\"https:\\\/\\\/www.romaoggi.eu\\\/#\\\/schema\\\/logo\\\/image\\\/\",\"url\":\"https:\\\/\\\/www.romaoggi.eu\\\/wp-content\\\/uploads\\\/2017\\\/04\\\/logowp.jpg\",\"contentUrl\":\"https:\\\/\\\/www.romaoggi.eu\\\/wp-content\\\/uploads\\\/2017\\\/04\\\/logowp.jpg\",\"width\":300,\"height\":133,\"caption\":\"RomaOggi\"},\"image\":{\"@id\":\"https:\\\/\\\/www.romaoggi.eu\\\/#\\\/schema\\\/logo\\\/image\\\/\"},\"sameAs\":[\"https:\\\/\\\/www.facebook.com\\\/RomaOggi-841544845954114\",\"https:\\\/\\\/x.com\\\/romaoggi_eu\"]},{\"@type\":\"Person\",\"@id\":\"https:\\\/\\\/www.romaoggi.eu\\\/#\\\/schema\\\/person\\\/cc12bfd93370392d7e41d243e47e6681\",\"name\":\"Flavio\",\"image\":{\"@type\":\"ImageObject\",\"inLanguage\":\"it-IT\",\"@id\":\"https:\\\/\\\/secure.gravatar.com\\\/avatar\\\/7e044ce830ea97853e01500437b37dff4a622b20a194e4d0efe9b67e918f19e5?s=96&d=mm&r=g\",\"url\":\"https:\\\/\\\/secure.gravatar.com\\\/avatar\\\/7e044ce830ea97853e01500437b37dff4a622b20a194e4d0efe9b67e918f19e5?s=96&d=mm&r=g\",\"contentUrl\":\"https:\\\/\\\/secure.gravatar.com\\\/avatar\\\/7e044ce830ea97853e01500437b37dff4a622b20a194e4d0efe9b67e918f19e5?s=96&d=mm&r=g\",\"caption\":\"Flavio\"},\"url\":\"https:\\\/\\\/www.romaoggi.eu\\\/index.php\\\/author\\\/cristiano\\\/\"}]}<\/script>\n<!-- \/ Yoast SEO plugin. -->","yoast_head_json":{"title":"Emergenza idrica a Roma, il ministro Galletti sollecita una soluzione a lungo termine","description":"-Emergenza idrica Roma: \u00abQuella che noi abbiamo approvato grazie alla disponibilit\u00e0 di Zingaretti \u00e8 una soluzione transitoria. Mi aspetto che in...","robots":{"index":"index","follow":"follow","max-snippet":"max-snippet:-1","max-image-preview":"max-image-preview:large","max-video-preview":"max-video-preview:-1"},"canonical":"https:\/\/www.romaoggi.eu\/index.php\/2017\/08\/01\/emergenza-idrica-roma\/","og_locale":"it_IT","og_type":"article","og_title":"Emergenza idrica a Roma, il ministro Galletti sollecita una soluzione a lungo termine","og_description":"-Emergenza idrica Roma: \u00abQuella che noi abbiamo approvato grazie alla disponibilit\u00e0 di Zingaretti \u00e8 una soluzione transitoria. Mi aspetto che in...","og_url":"https:\/\/www.romaoggi.eu\/index.php\/2017\/08\/01\/emergenza-idrica-roma\/","og_site_name":"roma oggi","article_publisher":"https:\/\/www.facebook.com\/RomaOggi-841544845954114","article_published_time":"2017-08-01T11:56:29+00:00","og_image":[{"width":1280,"height":853,"url":"https:\/\/www.romaoggi.eu\/wp-content\/uploads\/2017\/08\/nasoni.jpg","type":"image\/jpeg"}],"author":"Flavio","twitter_card":"summary_large_image","twitter_creator":"@romaoggi_eu","twitter_site":"@romaoggi_eu","twitter_misc":{"Scritto da":"Flavio","Tempo di lettura stimato":"1 minuto"},"schema":{"@context":"https:\/\/schema.org","@graph":[{"@type":"Article","@id":"https:\/\/www.romaoggi.eu\/index.php\/2017\/08\/01\/emergenza-idrica-roma\/#article","isPartOf":{"@id":"https:\/\/www.romaoggi.eu\/index.php\/2017\/08\/01\/emergenza-idrica-roma\/"},"author":{"name":"Flavio","@id":"https:\/\/www.romaoggi.eu\/#\/schema\/person\/cc12bfd93370392d7e41d243e47e6681"},"headline":"Emergenza idrica a Roma, il ministro Galletti sollecita una soluzione a lungo termine","datePublished":"2017-08-01T11:56:29+00:00","mainEntityOfPage":{"@id":"https:\/\/www.romaoggi.eu\/index.php\/2017\/08\/01\/emergenza-idrica-roma\/"},"wordCount":180,"commentCount":0,"publisher":{"@id":"https:\/\/www.romaoggi.eu\/#organization"},"image":{"@id":"https:\/\/www.romaoggi.eu\/index.php\/2017\/08\/01\/emergenza-idrica-roma\/#primaryimage"},"thumbnailUrl":"https:\/\/www.romaoggi.eu\/wp-content\/uploads\/2017\/08\/nasoni.jpg","keywords":["Acea","Comune di Roma","cristiano morelli","emergenza idrica","Galletti","Lago Bracciano","roma","RomaOggi.eu","rome","Siccit\u00e0"],"articleSection":["attualit\u00e0"],"inLanguage":"it-IT","potentialAction":[{"@type":"CommentAction","name":"Comment","target":["https:\/\/www.romaoggi.eu\/index.php\/2017\/08\/01\/emergenza-idrica-roma\/#respond"]}]},{"@type":"WebPage","@id":"https:\/\/www.romaoggi.eu\/index.php\/2017\/08\/01\/emergenza-idrica-roma\/","url":"https:\/\/www.romaoggi.eu\/index.php\/2017\/08\/01\/emergenza-idrica-roma\/","name":"Emergenza idrica a Roma, il ministro Galletti sollecita una soluzione a lungo termine","isPartOf":{"@id":"https:\/\/www.romaoggi.eu\/#website"},"primaryImageOfPage":{"@id":"https:\/\/www.romaoggi.eu\/index.php\/2017\/08\/01\/emergenza-idrica-roma\/#primaryimage"},"image":{"@id":"https:\/\/www.romaoggi.eu\/index.php\/2017\/08\/01\/emergenza-idrica-roma\/#primaryimage"},"thumbnailUrl":"https:\/\/www.romaoggi.eu\/wp-content\/uploads\/2017\/08\/nasoni.jpg","datePublished":"2017-08-01T11:56:29+00:00","description":"-Emergenza idrica Roma: \u00abQuella che noi abbiamo approvato grazie alla disponibilit\u00e0 di Zingaretti \u00e8 una soluzione transitoria. Mi aspetto che in...","breadcrumb":{"@id":"https:\/\/www.romaoggi.eu\/index.php\/2017\/08\/01\/emergenza-idrica-roma\/#breadcrumb"},"inLanguage":"it-IT","potentialAction":[{"@type":"ReadAction","target":["https:\/\/www.romaoggi.eu\/index.php\/2017\/08\/01\/emergenza-idrica-roma\/"]}]},{"@type":"ImageObject","inLanguage":"it-IT","@id":"https:\/\/www.romaoggi.eu\/index.php\/2017\/08\/01\/emergenza-idrica-roma\/#primaryimage","url":"https:\/\/www.romaoggi.eu\/wp-content\/uploads\/2017\/08\/nasoni.jpg","contentUrl":"https:\/\/www.romaoggi.eu\/wp-content\/uploads\/2017\/08\/nasoni.jpg","width":1280,"height":853,"caption":"Alt text emergenza idrica"},{"@type":"BreadcrumbList","@id":"https:\/\/www.romaoggi.eu\/index.php\/2017\/08\/01\/emergenza-idrica-roma\/#breadcrumb","itemListElement":[{"@type":"ListItem","position":1,"name":"Home","item":"https:\/\/www.romaoggi.eu\/"},{"@type":"ListItem","position":2,"name":"Emergenza idrica a Roma, il ministro Galletti sollecita una soluzione a lungo termine"}]},{"@type":"WebSite","@id":"https:\/\/www.romaoggi.eu\/#website","url":"https:\/\/www.romaoggi.eu\/","name":"roma oggi","description":"Interesting News for Interesting people","publisher":{"@id":"https:\/\/www.romaoggi.eu\/#organization"},"potentialAction":[{"@type":"SearchAction","target":{"@type":"EntryPoint","urlTemplate":"https:\/\/www.romaoggi.eu\/?s={search_term_string}"},"query-input":{"@type":"PropertyValueSpecification","valueRequired":true,"valueName":"search_term_string"}}],"inLanguage":"it-IT"},{"@type":"Organization","@id":"https:\/\/www.romaoggi.eu\/#organization","name":"RomaOggi","url":"https:\/\/www.romaoggi.eu\/","logo":{"@type":"ImageObject","inLanguage":"it-IT","@id":"https:\/\/www.romaoggi.eu\/#\/schema\/logo\/image\/","url":"https:\/\/www.romaoggi.eu\/wp-content\/uploads\/2017\/04\/logowp.jpg","contentUrl":"https:\/\/www.romaoggi.eu\/wp-content\/uploads\/2017\/04\/logowp.jpg","width":300,"height":133,"caption":"RomaOggi"},"image":{"@id":"https:\/\/www.romaoggi.eu\/#\/schema\/logo\/image\/"},"sameAs":["https:\/\/www.facebook.com\/RomaOggi-841544845954114","https:\/\/x.com\/romaoggi_eu"]},{"@type":"Person","@id":"https:\/\/www.romaoggi.eu\/#\/schema\/person\/cc12bfd93370392d7e41d243e47e6681","name":"Flavio","image":{"@type":"ImageObject","inLanguage":"it-IT","@id":"https:\/\/secure.gravatar.com\/avatar\/7e044ce830ea97853e01500437b37dff4a622b20a194e4d0efe9b67e918f19e5?s=96&d=mm&r=g","url":"https:\/\/secure.gravatar.com\/avatar\/7e044ce830ea97853e01500437b37dff4a622b20a194e4d0efe9b67e918f19e5?s=96&d=mm&r=g","contentUrl":"https:\/\/secure.gravatar.com\/avatar\/7e044ce830ea97853e01500437b37dff4a622b20a194e4d0efe9b67e918f19e5?s=96&d=mm&r=g","caption":"Flavio"},"url":"https:\/\/www.romaoggi.eu\/index.php\/author\/cristiano\/"}]}},"_links":{"self":[{"href":"https:\/\/www.romaoggi.eu\/index.php\/wp-json\/wp\/v2\/posts\/9638","targetHints":{"allow":["GET"]}}],"collection":[{"href":"https:\/\/www.romaoggi.eu\/index.php\/wp-json\/wp\/v2\/posts"}],"about":[{"href":"https:\/\/www.romaoggi.eu\/index.php\/wp-json\/wp\/v2\/types\/post"}],"author":[{"embeddable":true,"href":"https:\/\/www.romaoggi.eu\/index.php\/wp-json\/wp\/v2\/users\/5"}],"replies":[{"embeddable":true,"href":"https:\/\/www.romaoggi.eu\/index.php\/wp-json\/wp\/v2\/comments?post=9638"}],"version-history":[{"count":4,"href":"https:\/\/www.romaoggi.eu\/index.php\/wp-json\/wp\/v2\/posts\/9638\/revisions"}],"predecessor-version":[{"id":9644,"href":"https:\/\/www.romaoggi.eu\/index.php\/wp-json\/wp\/v2\/posts\/9638\/revisions\/9644"}],"wp:featuredmedia":[{"embeddable":true,"href":"https:\/\/www.romaoggi.eu\/index.php\/wp-json\/wp\/v2\/media\/9639"}],"wp:attachment":[{"href":"https:\/\/www.romaoggi.eu\/index.php\/wp-json\/wp\/v2\/media?parent=9638"}],"wp:term":[{"taxonomy":"category","embeddable":true,"href":"https:\/\/www.romaoggi.eu\/index.php\/wp-json\/wp\/v2\/categories?post=9638"},{"taxonomy":"post_tag","embeddable":true,"href":"https:\/\/www.romaoggi.eu\/index.php\/wp-json\/wp\/v2\/tags?post=9638"}],"curies":[{"name":"wp","href":"https:\/\/api.w.org\/{rel}","templated":true}]}}