{"id":9782,"date":"2017-08-09T08:42:22","date_gmt":"2017-08-09T06:42:22","guid":{"rendered":"http:\/\/www.romaoggi.eu\/?p=9782"},"modified":"2017-08-09T08:42:22","modified_gmt":"2017-08-09T06:42:22","slug":"mercato-contadino","status":"publish","type":"post","link":"https:\/\/www.romaoggi.eu\/index.php\/2017\/08\/09\/mercato-contadino\/","title":{"rendered":"Aperti per ferie al Mercato Contadino Roma e Castelli Romani"},"content":{"rendered":"<p align=\"JUSTIFY\"><span style=\"color: #353535;\"><span style=\"font-family: Poppins, sans-serif;\"><span style=\"font-size: large;\">Proprio nel periodo in cui la madre TERRA \u00e8 pi\u00f9 generosa, il mercato contadino non va in ferie, ma continua ad ospitare i piccoli produttori del territorio per offrire un servizio a tutti i consumatori che sostengono la filiera corta e il buon cibo di qualit\u00e0.<\/span><\/span><\/span><\/p>\n<p align=\"JUSTIFY\"><img loading=\"lazy\" decoding=\"async\" class=\"alignright wp-image-9785 size-medium\" src=\"https:\/\/www.romaoggi.eu\/wp-content\/uploads\/2017\/08\/20430025_1471430249618090_8203993467891162280_n-300x189.jpg\" alt=\"Alt text mercato contadino\" width=\"300\" height=\"189\" srcset=\"https:\/\/www.romaoggi.eu\/wp-content\/uploads\/2017\/08\/20430025_1471430249618090_8203993467891162280_n-300x189.jpg 300w, https:\/\/www.romaoggi.eu\/wp-content\/uploads\/2017\/08\/20430025_1471430249618090_8203993467891162280_n.jpg 960w\" sizes=\"auto, (max-width: 300px) 100vw, 300px\" \/><\/p>\n<p align=\"JUSTIFY\"><span style=\"color: #353535;\"><span style=\"font-family: Poppins, sans-serif;\"><span style=\"font-size: large;\">Appello ai romani: rifugiatevi nel fresco del nostro parco secolare di\u00a0<b>Ariccia (sempre aperto tranne mercoledi\u2019 16 agosto)<\/b>, tra giochi e spazio pic-nic gratuito al fresco fra le querce secolari dello\u00a0<b>Sporting Club Montegentile<\/b>\u00a0di Ariccia (Via delle Cerquette, 65) che ospita il\u00a0<b>Mercato Contadino Castelli Romani<\/b>\u00a0tutte le settimane (mercoled\u00ec, sabato e domenica dalle 8 alle 13,30) fra alberi secolari e la Via Sacra, proprio dove un tempo si svolgeva il mercato degli antichi romani, un fitto calendario per arricchire la spesa in relax presso i tanti produttori del nostro territorio che si danno appuntamento nei Mercati Contadini dei Castelli Romani, dal marted\u00ec alla domenica\u2026.<\/span><\/span><\/span><\/p>\n<p align=\"JUSTIFY\"><span style=\"color: #353535;\"><span style=\"font-family: Poppins, sans-serif;\"><span style=\"font-size: large;\">Tutte le domeniche di luglio e agosto alle 10:30\u00a0<b>Lezione gratuita di YOGA<\/b>\u00a0per tutti gli interessati (dedicate anche ai bambini), accanto alla\u00a0<b>VIA SACRA<\/b>, sul prato all\u2019ombra delle querce secolari.\u00a0<b>Barbara Paladini<\/b>\u00a0insegna Yoga classico da 12 anni, si \u00e8 formata in parte in India in parte in occidente (Italia e Spagna) con il suo maestro spirituale Sri Swamiji Shivananda Sarasvati studia l\u2019Hatha YOGA in Rishikesh. Segue pratiche individuale e di gruppo per tutte le et\u00e0. Insegna presso palestre ed associazione dei Castelli Romani. \u201cImpariamo ad ascoltare noi stessi con la chiara disciplina dell\u2019Hatha Yoga. Lo Yoga \u00e8 pura tecnica di consapevolezza del presente.\u201d\u00a0<\/span><\/span><\/span><span style=\"color: #353535;\"><span style=\"font-family: Poppins, sans-serif;\"><span style=\"font-size: large;\">Per partecipare alla lezione gratuita portare un tappetino e vestire abiti comodi.<\/span><\/span><\/span><\/p>\n<p align=\"JUSTIFY\"><span style=\"color: #353535;\"><span style=\"font-family: Poppins, sans-serif;\"><span style=\"font-size: large;\">Se il caldo di Roma vi attanaglia e il mare affollato con le lunghe file in auto non fanno per voi, i castelli romani sono la vostra meta ideale!<\/span><\/span><\/span><\/p>\n<p align=\"JUSTIFY\"><img loading=\"lazy\" decoding=\"async\" class=\"alignleft wp-image-9786 size-medium\" src=\"https:\/\/www.romaoggi.eu\/wp-content\/uploads\/2017\/08\/20228278_1464998730261242_3892214475311244439_n-300x225.jpg\" alt=\"Alt text mercato contadino\" width=\"300\" height=\"225\" srcset=\"https:\/\/www.romaoggi.eu\/wp-content\/uploads\/2017\/08\/20228278_1464998730261242_3892214475311244439_n-300x225.jpg 300w, https:\/\/www.romaoggi.eu\/wp-content\/uploads\/2017\/08\/20228278_1464998730261242_3892214475311244439_n-326x245.jpg 326w, https:\/\/www.romaoggi.eu\/wp-content\/uploads\/2017\/08\/20228278_1464998730261242_3892214475311244439_n-80x60.jpg 80w, https:\/\/www.romaoggi.eu\/wp-content\/uploads\/2017\/08\/20228278_1464998730261242_3892214475311244439_n.jpg 960w\" sizes=\"auto, (max-width: 300px) 100vw, 300px\" \/><span style=\"color: #353535;\"><span style=\"font-family: Poppins, sans-serif;\"><span style=\"font-size: large;\">Portate un telo, ai prodotti per il pic-nic ci pensano i produttori che vi attendono con tante prelibatezze (prodotti da forno, mozzarelle di bufala, frutta appena raccolta, birre artigianali) da degustare sul prato all&#8217;ombra delle querce secolari accanto alla VIA SACRA. A vostra disposizione, gratuitamente, un parco giochi per i bambini e tavoli e panche per il vostro pic-nic. Senza bisogno di aria condizionata.<\/span><\/span><\/span><span style=\"color: #353535;\"><span style=\"font-family: Poppins, sans-serif;\"><span style=\"font-size: large;\">Tutte le associazioni del territorio, gli artigiani e gli artisti del riciclo sono invitati a condividere con noi le domeniche estive fra castagni secolari, accanto alla via Sacra e alla grande quercia del \u2018600\u2026.<\/span><\/span><\/span><\/p>\n<p align=\"JUSTIFY\"><span style=\"color: #353535;\"><span style=\"font-family: Poppins, sans-serif;\"><span style=\"font-size: large;\">Vi ricordiamo che tanti produttori del territorio si danno appuntamento al\u00a0<b>Mercato Contadino Roma e Castelli Romani<\/b>\u00a0ad Ariccia, Albano, Frascati, Genzano, Grottaferrata,\u00a0\u00a0Pavona, Rocca di Papa e Roma Capannelle\u00a0\u00a0e Roma Infernetto per diffondere la filiera corta ed il mangiare locale: \u00e8 possibile acquistare prodotti freschissimi di qualit\u00e0 \u2013 certificati biologici e non, alcuni igp, dop, doc \u2013 ortofrutta appena raccolta, olio e vino, latte e formaggi freschi, stagionati di pecora, mucca, bufala e capra, pane lavorato con la pasta madre, confetture e marmellate, miele, dolci da forno, farine e legumi, fiori e piante, cioccolata dei frati trappisti, birre artigianali presentate direttamente dai mastri birrai che raccontano i loro segreti\u2026<\/span><\/span><\/span><\/p>\n<p align=\"JUSTIFY\"><span style=\"color: #353535;\"><span style=\"font-family: Poppins, sans-serif;\"><span style=\"font-size: large;\">Ecco il calendario estivo dei\u00a0<b>Mercati Contadini<\/b>\u00a0\u00a0che si svolgono dalle ore 8 alle 13:30 dove e quando:<\/span><\/span><\/span><\/p>\n<p align=\"JUSTIFY\"><span style=\"color: #353535;\"><span style=\"font-family: Poppins, sans-serif;\"><span style=\"font-size: large;\"><b>Ariccia<\/b>\u00a0(mercoled\u00ec, sabato e domenica al parco dello Sporting Club Montegentile via delle Cerquette 65)(sempre aperto tranne mercoledi\u2019 16 agosto)<\/span><\/span><\/span><\/p>\n<p align=\"JUSTIFY\"><span style=\"color: #353535;\"><span style=\"font-family: Poppins, sans-serif;\"><span style=\"font-size: large;\"><b>Albano laziale\u00a0<\/b>sabato (piazza Guerrucci) Sempre aperto!\u00a0<\/span><\/span><\/span><span style=\"color: #353535;\"><span style=\"font-family: Poppins, sans-serif;\"><span style=\"font-size: large;\">domenica (Piazza Pia) \u2013 chiusura dal 6 al 27 agosto, riapertura domenica 3 settembre.<\/span><\/span><\/span><\/p>\n<p align=\"JUSTIFY\"><span style=\"color: #353535;\"><span style=\"font-family: Poppins, sans-serif;\"><span style=\"font-size: large;\"><b>Frascati\u00a0<\/b>marted\u00ec e venerd\u00ec (via Grotte Portella, 12 area Tor Vergata, Bar Dolce Amaro) chiusura dal 15 al 22 agosto, riapertura venerd\u00ec 25 agosto.<\/span><\/span><\/span><\/p>\n<p align=\"JUSTIFY\"><span style=\"color: #353535;\"><span style=\"font-family: Poppins, sans-serif;\"><span style=\"font-size: large;\"><b>Genzano\u00a0<\/b>sabato (via Emilia Romagna Palacesaroni) chiusura dal 5 al 19 agosto, riapertura sabato 26 agosto.<\/span><\/span><\/span><\/p>\n<p align=\"JUSTIFY\"><span style=\"color: #353535;\"><span style=\"font-family: Poppins, sans-serif;\"><span style=\"font-size: large;\"><b>Grottaferrata\u00a0<\/b>domenica (piazza De Gasperi) Sempre aperto!<\/span><\/span><\/span><\/p>\n<p align=\"JUSTIFY\"><span style=\"color: #353535;\"><span style=\"font-family: Poppins, sans-serif;\"><span style=\"font-size: large;\"><b>Pavona<\/b>\u00a0sabato (piazza Berlinguer) Sempre aperto!<\/span><\/span><\/span><\/p>\n<p align=\"JUSTIFY\"><span style=\"color: #353535;\"><span style=\"font-family: Poppins, sans-serif;\"><span style=\"font-size: large;\"><b>Rocca di Papa<\/b>\u00a0gioved\u00ec (piazza De Gasperi) Sempre aperto!<\/span><\/span><\/span><\/p>\n<p align=\"JUSTIFY\"><span style=\"color: #353535;\"><span style=\"font-family: Poppins, sans-serif;\"><span style=\"font-size: large;\"><b>Roma Mercato Contadino Capannelle<\/b>\u00a0tutte le domeniche, sempre aperto!<\/span><\/span><\/span><\/p>\n<p align=\"JUSTIFY\"><span style=\"color: #353535;\"><span style=\"font-family: Poppins, sans-serif;\"><span style=\"font-size: large;\">(piazzale dell\u2019Ippodromo Capannelle, via Appia Nuova, 1245)<\/span><\/span><\/span><\/p>\n<p align=\"JUSTIFY\"><span style=\"color: #353535;\"><span style=\"font-family: Poppins, sans-serif;\"><span style=\"font-size: large;\"><b>Roma Infernetto Parchi della Colombo<\/b>\u00a0mercoled\u00ec e sabato\u00a0\u00a0(via Cristoforo Colombo, 1897) chiusura dal 10 al 23 agosto, riapertura sabato 26 agosto!<\/span><\/span><\/span><\/p>\n<p align=\"JUSTIFY\"><span style=\"font-size: large;\"><strong><span style=\"color: #353535;\"><span style=\"font-family: Poppins, sans-serif;\">Ricorda di portare sempre con te la sporta per ridurre il consumo di plastica!<\/span><\/span><\/strong><\/span><\/p>\n<p align=\"JUSTIFY\"><span style=\"color: #353535;\"><span style=\"font-family: Poppins, sans-serif;\"><span style=\"font-size: large;\">Buon Cibo!<\/span><\/span><\/span><\/p>\n<p align=\"JUSTIFY\"><span style=\"color: #353535;\"><span style=\"font-family: Poppins, sans-serif;\"><span style=\"font-size: large;\"><strong>Info:<\/strong> info@mercatocontadino.org tel. 389 8830642<\/span><\/span><\/span><\/p>\n<p align=\"JUSTIFY\"><span style=\"color: #353535;\"><span style=\"font-family: Poppins, sans-serif;\"><span style=\"font-size: large;\"><a href=\"http:\/\/www.mercatocontadino.org\/\">www.mercatocontadino.org<\/a><\/span><\/span><\/span><\/p>\n<p align=\"JUSTIFY\"><span style=\"font-size: large;\"><strong><span style=\"color: #353535;\"><span style=\"font-family: Poppins, sans-serif;\">Facebook:<\/span><\/span><\/strong><\/span><\/p>\n<p align=\"JUSTIFY\"><span style=\"color: #353535;\"><span style=\"font-family: Poppins, sans-serif;\"><span style=\"font-size: large;\"><a href=\"https:\/\/www.facebook.com\/pages\/Mercato-Contadino-Castelli-Romani\/147872315307230\">https:\/\/www.facebook.com\/pages\/Mercato-Contadino-Castelli-Romani\/147872315307230<\/a><\/span><\/span><\/span><\/p>\n<p align=\"JUSTIFY\"><span style=\"font-size: large;\"><a href=\"https:\/\/www.romaoggi.eu\/index.php\/2017\/08\/08\/etuscia-green-movie-fest-2\/\"><span style=\"color: #353535;\"><span style=\"font-family: Poppins, sans-serif;\"><b>RomaOggi \u2192 Leggi il prossimo articolo<\/b><\/span><\/span><\/a><\/span><\/p>\n<p align=\"JUSTIFY\"><span style=\"color: #353535;\"><span style=\"font-family: Poppins, sans-serif;\"><span style=\"font-size: large;\">La Redazione<\/span><\/span><\/span><\/p>\n","protected":false},"excerpt":{"rendered":"<div class=\"mh-excerpt\"><p>Proprio nel periodo in cui la madre TERRA \u00e8 pi\u00f9 generosa, il mercato contadino non va in ferie, ma continua ad ospitare i piccoli produttori del territorio per offrire un servizio a tutti i consumatori <a class=\"mh-excerpt-more\" href=\"https:\/\/www.romaoggi.eu\/index.php\/2017\/08\/09\/mercato-contadino\/\" title=\"Aperti per ferie al Mercato Contadino Roma e Castelli Romani\">[&#8230;]<\/a><\/p>\n<\/div>","protected":false},"author":5,"featured_media":9783,"comment_status":"open","ping_status":"open","sticky":false,"template":"","format":"standard","meta":{"_sitemap_exclude":false,"_sitemap_priority":"","_sitemap_frequency":"","footnotes":""},"categories":[5273],"tags":[7190,7191,7188,5381,26,635,7189,7187,109,1738,634,7192],"class_list":["post-9782","post","type-post","status-publish","format-standard","has-post-thumbnail","hentry","category-oltre-roma","tag-bio","tag-biologico","tag-castelli-romani","tag-cibo","tag-cristiano-morelli","tag-food","tag-mercato","tag-mercato-contadino","tag-roma","tag-romaoggi-eu","tag-rome","tag-yoga"],"yoast_head":"<!-- This site is optimized with the Yoast SEO plugin v27.5 - https:\/\/yoast.com\/product\/yoast-seo-wordpress\/ -->\n<title>Aperti per ferie al Mercato Contadino Roma e Castelli Romani<\/title>\n<meta name=\"description\" content=\"Proprio nel periodo in cui la madre TERRA \u00e8 pi\u00f9 generosa, il mercato contadino non va in ferie, ma continua ad ospitare i piccoli produttori...\" \/>\n<meta name=\"robots\" content=\"index, follow, max-snippet:-1, max-image-preview:large, max-video-preview:-1\" \/>\n<link rel=\"canonical\" href=\"https:\/\/www.romaoggi.eu\/index.php\/2017\/08\/09\/mercato-contadino\/\" \/>\n<meta property=\"og:locale\" content=\"it_IT\" \/>\n<meta property=\"og:type\" content=\"article\" \/>\n<meta property=\"og:title\" content=\"Aperti per ferie al Mercato Contadino Roma e Castelli Romani\" \/>\n<meta property=\"og:description\" content=\"Proprio nel periodo in cui la madre TERRA \u00e8 pi\u00f9 generosa, il mercato contadino non va in ferie, ma continua ad ospitare i piccoli produttori...\" \/>\n<meta property=\"og:url\" content=\"https:\/\/www.romaoggi.eu\/index.php\/2017\/08\/09\/mercato-contadino\/\" \/>\n<meta property=\"og:site_name\" content=\"roma oggi\" \/>\n<meta property=\"article:publisher\" content=\"https:\/\/www.facebook.com\/RomaOggi-841544845954114\" \/>\n<meta property=\"article:published_time\" content=\"2017-08-09T06:42:22+00:00\" \/>\n<meta property=\"og:image\" content=\"https:\/\/www.romaoggi.eu\/wp-content\/uploads\/2017\/08\/17952484_1358644247563358_1454293981158353960_n.jpg\" \/>\n\t<meta property=\"og:image:width\" content=\"684\" \/>\n\t<meta property=\"og:image:height\" content=\"684\" \/>\n\t<meta property=\"og:image:type\" content=\"image\/jpeg\" \/>\n<meta name=\"author\" content=\"Flavio\" \/>\n<meta name=\"twitter:card\" content=\"summary_large_image\" \/>\n<meta name=\"twitter:creator\" content=\"@romaoggi_eu\" \/>\n<meta name=\"twitter:site\" content=\"@romaoggi_eu\" \/>\n<meta name=\"twitter:label1\" content=\"Scritto da\" \/>\n\t<meta name=\"twitter:data1\" content=\"Flavio\" \/>\n\t<meta name=\"twitter:label2\" content=\"Tempo di lettura stimato\" \/>\n\t<meta name=\"twitter:data2\" content=\"3 minuti\" \/>\n<script type=\"application\/ld+json\" class=\"yoast-schema-graph\">{\"@context\":\"https:\\\/\\\/schema.org\",\"@graph\":[{\"@type\":\"Article\",\"@id\":\"https:\\\/\\\/www.romaoggi.eu\\\/index.php\\\/2017\\\/08\\\/09\\\/mercato-contadino\\\/#article\",\"isPartOf\":{\"@id\":\"https:\\\/\\\/www.romaoggi.eu\\\/index.php\\\/2017\\\/08\\\/09\\\/mercato-contadino\\\/\"},\"author\":{\"name\":\"Flavio\",\"@id\":\"https:\\\/\\\/www.romaoggi.eu\\\/#\\\/schema\\\/person\\\/cc12bfd93370392d7e41d243e47e6681\"},\"headline\":\"Aperti per ferie al Mercato Contadino Roma e Castelli Romani\",\"datePublished\":\"2017-08-09T06:42:22+00:00\",\"mainEntityOfPage\":{\"@id\":\"https:\\\/\\\/www.romaoggi.eu\\\/index.php\\\/2017\\\/08\\\/09\\\/mercato-contadino\\\/\"},\"wordCount\":687,\"commentCount\":0,\"publisher\":{\"@id\":\"https:\\\/\\\/www.romaoggi.eu\\\/#organization\"},\"image\":{\"@id\":\"https:\\\/\\\/www.romaoggi.eu\\\/index.php\\\/2017\\\/08\\\/09\\\/mercato-contadino\\\/#primaryimage\"},\"thumbnailUrl\":\"https:\\\/\\\/www.romaoggi.eu\\\/wp-content\\\/uploads\\\/2017\\\/08\\\/17952484_1358644247563358_1454293981158353960_n.jpg\",\"keywords\":[\"Bio\",\"biologico\",\"Castelli Romani\",\"Cibo\",\"cristiano morelli\",\"food\",\"Mercato\",\"mercato contadino\",\"roma\",\"RomaOggi.eu\",\"rome\",\"yoga\"],\"articleSection\":[\"oltre Roma\"],\"inLanguage\":\"it-IT\",\"potentialAction\":[{\"@type\":\"CommentAction\",\"name\":\"Comment\",\"target\":[\"https:\\\/\\\/www.romaoggi.eu\\\/index.php\\\/2017\\\/08\\\/09\\\/mercato-contadino\\\/#respond\"]}]},{\"@type\":\"WebPage\",\"@id\":\"https:\\\/\\\/www.romaoggi.eu\\\/index.php\\\/2017\\\/08\\\/09\\\/mercato-contadino\\\/\",\"url\":\"https:\\\/\\\/www.romaoggi.eu\\\/index.php\\\/2017\\\/08\\\/09\\\/mercato-contadino\\\/\",\"name\":\"Aperti per ferie al Mercato Contadino Roma e Castelli Romani\",\"isPartOf\":{\"@id\":\"https:\\\/\\\/www.romaoggi.eu\\\/#website\"},\"primaryImageOfPage\":{\"@id\":\"https:\\\/\\\/www.romaoggi.eu\\\/index.php\\\/2017\\\/08\\\/09\\\/mercato-contadino\\\/#primaryimage\"},\"image\":{\"@id\":\"https:\\\/\\\/www.romaoggi.eu\\\/index.php\\\/2017\\\/08\\\/09\\\/mercato-contadino\\\/#primaryimage\"},\"thumbnailUrl\":\"https:\\\/\\\/www.romaoggi.eu\\\/wp-content\\\/uploads\\\/2017\\\/08\\\/17952484_1358644247563358_1454293981158353960_n.jpg\",\"datePublished\":\"2017-08-09T06:42:22+00:00\",\"description\":\"Proprio nel periodo in cui la madre TERRA \u00e8 pi\u00f9 generosa, il mercato contadino non va in ferie, ma continua ad ospitare i piccoli produttori...\",\"breadcrumb\":{\"@id\":\"https:\\\/\\\/www.romaoggi.eu\\\/index.php\\\/2017\\\/08\\\/09\\\/mercato-contadino\\\/#breadcrumb\"},\"inLanguage\":\"it-IT\",\"potentialAction\":[{\"@type\":\"ReadAction\",\"target\":[\"https:\\\/\\\/www.romaoggi.eu\\\/index.php\\\/2017\\\/08\\\/09\\\/mercato-contadino\\\/\"]}]},{\"@type\":\"ImageObject\",\"inLanguage\":\"it-IT\",\"@id\":\"https:\\\/\\\/www.romaoggi.eu\\\/index.php\\\/2017\\\/08\\\/09\\\/mercato-contadino\\\/#primaryimage\",\"url\":\"https:\\\/\\\/www.romaoggi.eu\\\/wp-content\\\/uploads\\\/2017\\\/08\\\/17952484_1358644247563358_1454293981158353960_n.jpg\",\"contentUrl\":\"https:\\\/\\\/www.romaoggi.eu\\\/wp-content\\\/uploads\\\/2017\\\/08\\\/17952484_1358644247563358_1454293981158353960_n.jpg\",\"width\":684,\"height\":684,\"caption\":\"Alt text mercato contadino\"},{\"@type\":\"BreadcrumbList\",\"@id\":\"https:\\\/\\\/www.romaoggi.eu\\\/index.php\\\/2017\\\/08\\\/09\\\/mercato-contadino\\\/#breadcrumb\",\"itemListElement\":[{\"@type\":\"ListItem\",\"position\":1,\"name\":\"Home\",\"item\":\"https:\\\/\\\/www.romaoggi.eu\\\/\"},{\"@type\":\"ListItem\",\"position\":2,\"name\":\"Aperti per ferie al Mercato Contadino Roma e Castelli Romani\"}]},{\"@type\":\"WebSite\",\"@id\":\"https:\\\/\\\/www.romaoggi.eu\\\/#website\",\"url\":\"https:\\\/\\\/www.romaoggi.eu\\\/\",\"name\":\"roma oggi\",\"description\":\"Interesting News for Interesting people\",\"publisher\":{\"@id\":\"https:\\\/\\\/www.romaoggi.eu\\\/#organization\"},\"potentialAction\":[{\"@type\":\"SearchAction\",\"target\":{\"@type\":\"EntryPoint\",\"urlTemplate\":\"https:\\\/\\\/www.romaoggi.eu\\\/?s={search_term_string}\"},\"query-input\":{\"@type\":\"PropertyValueSpecification\",\"valueRequired\":true,\"valueName\":\"search_term_string\"}}],\"inLanguage\":\"it-IT\"},{\"@type\":\"Organization\",\"@id\":\"https:\\\/\\\/www.romaoggi.eu\\\/#organization\",\"name\":\"RomaOggi\",\"url\":\"https:\\\/\\\/www.romaoggi.eu\\\/\",\"logo\":{\"@type\":\"ImageObject\",\"inLanguage\":\"it-IT\",\"@id\":\"https:\\\/\\\/www.romaoggi.eu\\\/#\\\/schema\\\/logo\\\/image\\\/\",\"url\":\"https:\\\/\\\/www.romaoggi.eu\\\/wp-content\\\/uploads\\\/2017\\\/04\\\/logowp.jpg\",\"contentUrl\":\"https:\\\/\\\/www.romaoggi.eu\\\/wp-content\\\/uploads\\\/2017\\\/04\\\/logowp.jpg\",\"width\":300,\"height\":133,\"caption\":\"RomaOggi\"},\"image\":{\"@id\":\"https:\\\/\\\/www.romaoggi.eu\\\/#\\\/schema\\\/logo\\\/image\\\/\"},\"sameAs\":[\"https:\\\/\\\/www.facebook.com\\\/RomaOggi-841544845954114\",\"https:\\\/\\\/x.com\\\/romaoggi_eu\"]},{\"@type\":\"Person\",\"@id\":\"https:\\\/\\\/www.romaoggi.eu\\\/#\\\/schema\\\/person\\\/cc12bfd93370392d7e41d243e47e6681\",\"name\":\"Flavio\",\"image\":{\"@type\":\"ImageObject\",\"inLanguage\":\"it-IT\",\"@id\":\"https:\\\/\\\/secure.gravatar.com\\\/avatar\\\/7e044ce830ea97853e01500437b37dff4a622b20a194e4d0efe9b67e918f19e5?s=96&d=mm&r=g\",\"url\":\"https:\\\/\\\/secure.gravatar.com\\\/avatar\\\/7e044ce830ea97853e01500437b37dff4a622b20a194e4d0efe9b67e918f19e5?s=96&d=mm&r=g\",\"contentUrl\":\"https:\\\/\\\/secure.gravatar.com\\\/avatar\\\/7e044ce830ea97853e01500437b37dff4a622b20a194e4d0efe9b67e918f19e5?s=96&d=mm&r=g\",\"caption\":\"Flavio\"},\"url\":\"https:\\\/\\\/www.romaoggi.eu\\\/index.php\\\/author\\\/cristiano\\\/\"}]}<\/script>\n<!-- \/ Yoast SEO plugin. -->","yoast_head_json":{"title":"Aperti per ferie al Mercato Contadino Roma e Castelli Romani","description":"Proprio nel periodo in cui la madre TERRA \u00e8 pi\u00f9 generosa, il mercato contadino non va in ferie, ma continua ad ospitare i piccoli produttori...","robots":{"index":"index","follow":"follow","max-snippet":"max-snippet:-1","max-image-preview":"max-image-preview:large","max-video-preview":"max-video-preview:-1"},"canonical":"https:\/\/www.romaoggi.eu\/index.php\/2017\/08\/09\/mercato-contadino\/","og_locale":"it_IT","og_type":"article","og_title":"Aperti per ferie al Mercato Contadino Roma e Castelli Romani","og_description":"Proprio nel periodo in cui la madre TERRA \u00e8 pi\u00f9 generosa, il mercato contadino non va in ferie, ma continua ad ospitare i piccoli produttori...","og_url":"https:\/\/www.romaoggi.eu\/index.php\/2017\/08\/09\/mercato-contadino\/","og_site_name":"roma oggi","article_publisher":"https:\/\/www.facebook.com\/RomaOggi-841544845954114","article_published_time":"2017-08-09T06:42:22+00:00","og_image":[{"width":684,"height":684,"url":"https:\/\/www.romaoggi.eu\/wp-content\/uploads\/2017\/08\/17952484_1358644247563358_1454293981158353960_n.jpg","type":"image\/jpeg"}],"author":"Flavio","twitter_card":"summary_large_image","twitter_creator":"@romaoggi_eu","twitter_site":"@romaoggi_eu","twitter_misc":{"Scritto da":"Flavio","Tempo di lettura stimato":"3 minuti"},"schema":{"@context":"https:\/\/schema.org","@graph":[{"@type":"Article","@id":"https:\/\/www.romaoggi.eu\/index.php\/2017\/08\/09\/mercato-contadino\/#article","isPartOf":{"@id":"https:\/\/www.romaoggi.eu\/index.php\/2017\/08\/09\/mercato-contadino\/"},"author":{"name":"Flavio","@id":"https:\/\/www.romaoggi.eu\/#\/schema\/person\/cc12bfd93370392d7e41d243e47e6681"},"headline":"Aperti per ferie al Mercato Contadino Roma e Castelli Romani","datePublished":"2017-08-09T06:42:22+00:00","mainEntityOfPage":{"@id":"https:\/\/www.romaoggi.eu\/index.php\/2017\/08\/09\/mercato-contadino\/"},"wordCount":687,"commentCount":0,"publisher":{"@id":"https:\/\/www.romaoggi.eu\/#organization"},"image":{"@id":"https:\/\/www.romaoggi.eu\/index.php\/2017\/08\/09\/mercato-contadino\/#primaryimage"},"thumbnailUrl":"https:\/\/www.romaoggi.eu\/wp-content\/uploads\/2017\/08\/17952484_1358644247563358_1454293981158353960_n.jpg","keywords":["Bio","biologico","Castelli Romani","Cibo","cristiano morelli","food","Mercato","mercato contadino","roma","RomaOggi.eu","rome","yoga"],"articleSection":["oltre Roma"],"inLanguage":"it-IT","potentialAction":[{"@type":"CommentAction","name":"Comment","target":["https:\/\/www.romaoggi.eu\/index.php\/2017\/08\/09\/mercato-contadino\/#respond"]}]},{"@type":"WebPage","@id":"https:\/\/www.romaoggi.eu\/index.php\/2017\/08\/09\/mercato-contadino\/","url":"https:\/\/www.romaoggi.eu\/index.php\/2017\/08\/09\/mercato-contadino\/","name":"Aperti per ferie al Mercato Contadino Roma e Castelli Romani","isPartOf":{"@id":"https:\/\/www.romaoggi.eu\/#website"},"primaryImageOfPage":{"@id":"https:\/\/www.romaoggi.eu\/index.php\/2017\/08\/09\/mercato-contadino\/#primaryimage"},"image":{"@id":"https:\/\/www.romaoggi.eu\/index.php\/2017\/08\/09\/mercato-contadino\/#primaryimage"},"thumbnailUrl":"https:\/\/www.romaoggi.eu\/wp-content\/uploads\/2017\/08\/17952484_1358644247563358_1454293981158353960_n.jpg","datePublished":"2017-08-09T06:42:22+00:00","description":"Proprio nel periodo in cui la madre TERRA \u00e8 pi\u00f9 generosa, il mercato contadino non va in ferie, ma continua ad ospitare i piccoli produttori...","breadcrumb":{"@id":"https:\/\/www.romaoggi.eu\/index.php\/2017\/08\/09\/mercato-contadino\/#breadcrumb"},"inLanguage":"it-IT","potentialAction":[{"@type":"ReadAction","target":["https:\/\/www.romaoggi.eu\/index.php\/2017\/08\/09\/mercato-contadino\/"]}]},{"@type":"ImageObject","inLanguage":"it-IT","@id":"https:\/\/www.romaoggi.eu\/index.php\/2017\/08\/09\/mercato-contadino\/#primaryimage","url":"https:\/\/www.romaoggi.eu\/wp-content\/uploads\/2017\/08\/17952484_1358644247563358_1454293981158353960_n.jpg","contentUrl":"https:\/\/www.romaoggi.eu\/wp-content\/uploads\/2017\/08\/17952484_1358644247563358_1454293981158353960_n.jpg","width":684,"height":684,"caption":"Alt text mercato contadino"},{"@type":"BreadcrumbList","@id":"https:\/\/www.romaoggi.eu\/index.php\/2017\/08\/09\/mercato-contadino\/#breadcrumb","itemListElement":[{"@type":"ListItem","position":1,"name":"Home","item":"https:\/\/www.romaoggi.eu\/"},{"@type":"ListItem","position":2,"name":"Aperti per ferie al Mercato Contadino Roma e Castelli Romani"}]},{"@type":"WebSite","@id":"https:\/\/www.romaoggi.eu\/#website","url":"https:\/\/www.romaoggi.eu\/","name":"roma oggi","description":"Interesting News for Interesting people","publisher":{"@id":"https:\/\/www.romaoggi.eu\/#organization"},"potentialAction":[{"@type":"SearchAction","target":{"@type":"EntryPoint","urlTemplate":"https:\/\/www.romaoggi.eu\/?s={search_term_string}"},"query-input":{"@type":"PropertyValueSpecification","valueRequired":true,"valueName":"search_term_string"}}],"inLanguage":"it-IT"},{"@type":"Organization","@id":"https:\/\/www.romaoggi.eu\/#organization","name":"RomaOggi","url":"https:\/\/www.romaoggi.eu\/","logo":{"@type":"ImageObject","inLanguage":"it-IT","@id":"https:\/\/www.romaoggi.eu\/#\/schema\/logo\/image\/","url":"https:\/\/www.romaoggi.eu\/wp-content\/uploads\/2017\/04\/logowp.jpg","contentUrl":"https:\/\/www.romaoggi.eu\/wp-content\/uploads\/2017\/04\/logowp.jpg","width":300,"height":133,"caption":"RomaOggi"},"image":{"@id":"https:\/\/www.romaoggi.eu\/#\/schema\/logo\/image\/"},"sameAs":["https:\/\/www.facebook.com\/RomaOggi-841544845954114","https:\/\/x.com\/romaoggi_eu"]},{"@type":"Person","@id":"https:\/\/www.romaoggi.eu\/#\/schema\/person\/cc12bfd93370392d7e41d243e47e6681","name":"Flavio","image":{"@type":"ImageObject","inLanguage":"it-IT","@id":"https:\/\/secure.gravatar.com\/avatar\/7e044ce830ea97853e01500437b37dff4a622b20a194e4d0efe9b67e918f19e5?s=96&d=mm&r=g","url":"https:\/\/secure.gravatar.com\/avatar\/7e044ce830ea97853e01500437b37dff4a622b20a194e4d0efe9b67e918f19e5?s=96&d=mm&r=g","contentUrl":"https:\/\/secure.gravatar.com\/avatar\/7e044ce830ea97853e01500437b37dff4a622b20a194e4d0efe9b67e918f19e5?s=96&d=mm&r=g","caption":"Flavio"},"url":"https:\/\/www.romaoggi.eu\/index.php\/author\/cristiano\/"}]}},"_links":{"self":[{"href":"https:\/\/www.romaoggi.eu\/index.php\/wp-json\/wp\/v2\/posts\/9782","targetHints":{"allow":["GET"]}}],"collection":[{"href":"https:\/\/www.romaoggi.eu\/index.php\/wp-json\/wp\/v2\/posts"}],"about":[{"href":"https:\/\/www.romaoggi.eu\/index.php\/wp-json\/wp\/v2\/types\/post"}],"author":[{"embeddable":true,"href":"https:\/\/www.romaoggi.eu\/index.php\/wp-json\/wp\/v2\/users\/5"}],"replies":[{"embeddable":true,"href":"https:\/\/www.romaoggi.eu\/index.php\/wp-json\/wp\/v2\/comments?post=9782"}],"version-history":[{"count":5,"href":"https:\/\/www.romaoggi.eu\/index.php\/wp-json\/wp\/v2\/posts\/9782\/revisions"}],"predecessor-version":[{"id":9790,"href":"https:\/\/www.romaoggi.eu\/index.php\/wp-json\/wp\/v2\/posts\/9782\/revisions\/9790"}],"wp:featuredmedia":[{"embeddable":true,"href":"https:\/\/www.romaoggi.eu\/index.php\/wp-json\/wp\/v2\/media\/9783"}],"wp:attachment":[{"href":"https:\/\/www.romaoggi.eu\/index.php\/wp-json\/wp\/v2\/media?parent=9782"}],"wp:term":[{"taxonomy":"category","embeddable":true,"href":"https:\/\/www.romaoggi.eu\/index.php\/wp-json\/wp\/v2\/categories?post=9782"},{"taxonomy":"post_tag","embeddable":true,"href":"https:\/\/www.romaoggi.eu\/index.php\/wp-json\/wp\/v2\/tags?post=9782"}],"curies":[{"name":"wp","href":"https:\/\/api.w.org\/{rel}","templated":true}]}}