{"id":9797,"date":"2017-08-09T12:53:31","date_gmt":"2017-08-09T10:53:31","guid":{"rendered":"http:\/\/www.romaoggi.eu\/?p=9797"},"modified":"2017-08-09T12:53:31","modified_gmt":"2017-08-09T10:53:31","slug":"poverta","status":"publish","type":"post","link":"https:\/\/www.romaoggi.eu\/index.php\/2017\/08\/09\/poverta\/","title":{"rendered":"Allarme povert\u00e0 a Roma, si stimano un milione e mezzo di poveri"},"content":{"rendered":"<h2>Tra questi 200 mila sono gi\u00e0 stati definiti a povert\u00e0 irreversibile<\/h2>\n<p align=\"JUSTIFY\"><b><img loading=\"lazy\" decoding=\"async\" class=\"alignright wp-image-9798 size-medium\" src=\"https:\/\/www.romaoggi.eu\/wp-content\/uploads\/2017\/08\/Crisi-ecco-chi-sono-i-nuovi-poveri-300x199.jpg\" alt=\"alt text povert\u00e0\" width=\"300\" height=\"199\" srcset=\"https:\/\/www.romaoggi.eu\/wp-content\/uploads\/2017\/08\/Crisi-ecco-chi-sono-i-nuovi-poveri-300x199.jpg 300w, https:\/\/www.romaoggi.eu\/wp-content\/uploads\/2017\/08\/Crisi-ecco-chi-sono-i-nuovi-poveri-1024x680.jpg 1024w\" sizes=\"auto, (max-width: 300px) 100vw, 300px\" \/><\/b><\/p>\n<p align=\"JUSTIFY\"><b>ROMA CAPITALE DELLA POVERT\u00c0 &#8211;\u00a0<\/b>15 milioni d&#8217;italiani sono poveri, il 10% di loro vive nel perimetro urbano di <a href=\"http:\/\/www.comune.roma.it\/pcr\/do\/jpsite\/Site\/home\">Roma<\/a>. Un numero ragguardevole, che incide per il 30% sul degrado urbano capitolino. Se ai dati di <a href=\"http:\/\/www.istat.it\/it\/\">Istat<\/a>, <a href=\"http:\/\/www.caritasitaliana.it\/\">Caritas<\/a> e <a href=\"http:\/\/www.santegidio.org\/\">Sant&#8217;Egidio<\/a> s&#8217;aggiunge che, ben due milioni di poveri sono stati gi\u00e0 definiti \u201ca povert\u00e0 irreversibile\u201d, se ne deduce che su Roma insistono un milione e mezzo di poveri tra nuovi e datati, di cui ben 200mila a \u201cpovert\u00e0 irreversibile\u201d. Nel novero di questi ultimi verrebbero inclusi coloro che non possono pi\u00f9 regredire dallo stato di \u201csenza fissa dimora\u201d, ma anche chi ha accumulato tali e tanti contenziosi fiscali e bancari da non poterli sanare per via di \u201climiti anagrafici\u201d o evidente \u201cpercorso d&#8217;esclusione sociale\u201d. Un allarme che spaventa una parte della classe dirigente e fa dire a certi che \u201cormai necessita accettare un concetto di povert\u00e0 diffusa\u201d.<\/p>\n<p align=\"JUSTIFY\">A far compagnia agli adulti, insistono su Roma pi\u00f9 di 30 mila bambini in povert\u00e0 assoluta. Lo dicono le stime dell&#8217;assessorato al Sostegno sociale e alla sussidiariet\u00e0 del comune contenute nel terzo Rapporto sulla povert\u00e0 a Roma e nel Lazio, realizzato dalla Comunit\u00e0 di Sant&#8217;Egidio. Nel rapporto si sottolinea inoltre come, secondo l&#8217;ultimo rapporto <a href=\"http:\/\/www.censis.it\/home\">Censis <\/a>\u201csono ancora di pi\u00f9 nel Lazio i bambini che soffrono di indigenza alimentare: 37 mila pari all&#8217;8,69 per cento del totale\u201d. S&#8217;\u00e8 abbattuto sulla Capitale l&#8217;evo medio cibernetico: tanta tecnologia ed una povert\u00e0 diffusa come non la si vedeva da almeno settecento anni. Tante telecamere e computer illustrano ci\u00f2 che ieri era lasciato ai racconti. \u201cNel dopoguerra c&#8217;erano gli aiuti &#8211; ci dice un prete vicino a Sant&#8217;Egidio &#8211; oggi c&#8217;\u00e8 tanto cinismo ed indifferenza\u201d.<\/p>\n<p align=\"JUSTIFY\">Articolo a cura di Ruggiero Capone<\/p>\n<p align=\"JUSTIFY\"><a href=\"https:\/\/www.romaoggi.eu\/index.php\/2017\/08\/05\/roma-truffe-ai-car-sharing\/\"><b>RomaOggi.eu \u2192 Leggi il prossimo articolo<\/b><\/a><\/p>\n<h2><\/h2>\n","protected":false},"excerpt":{"rendered":"<div class=\"mh-excerpt\"><p>Tra questi 200 mila sono gi\u00e0 stati definiti a povert\u00e0 irreversibile ROMA CAPITALE DELLA POVERT\u00c0 &#8211;\u00a015 milioni d&#8217;italiani sono poveri, il 10% di loro vive nel perimetro urbano di Roma. Un numero ragguardevole, che incide <a class=\"mh-excerpt-more\" href=\"https:\/\/www.romaoggi.eu\/index.php\/2017\/08\/09\/poverta\/\" title=\"Allarme povert\u00e0 a Roma, si stimano un milione e mezzo di poveri\">[&#8230;]<\/a><\/p>\n<\/div>","protected":false},"author":5,"featured_media":9799,"comment_status":"open","ping_status":"open","sticky":false,"template":"","format":"standard","meta":{"_sitemap_exclude":false,"_sitemap_priority":"","_sitemap_frequency":"","footnotes":""},"categories":[522],"tags":[6483,7198,3656,7200,7197,7199,7201,5403,7196,1644,109,1738,634,5639,5073,7195],"class_list":["post-9797","post","type-post","status-publish","format-standard","has-post-thumbnail","hentry","category-attualita","tag-6483","tag-austerity","tag-caritas","tag-censis","tag-child-poverty","tag-crisi-economica","tag-istat","tag-poverta","tag-poverty","tag-regione-lazio","tag-roma","tag-romaoggi-eu","tag-rome","tag-ruggiero-capone","tag-santegidio","tag-war-on-poverty"],"yoast_head":"<!-- This site is optimized with the Yoast SEO plugin v27.5 - https:\/\/yoast.com\/product\/yoast-seo-wordpress\/ -->\n<title>Allarme povert\u00e0 a Roma, si stimano un milione e mezzo di poveri<\/title>\n<meta name=\"description\" content=\"ROMA CAPITALE DELLA POVERT\u00c0-15 milioni d&#039;italiani sono poveri, il 10% di loro vive nel perimetro urbano di Roma. Un numero...\" \/>\n<meta name=\"robots\" content=\"index, follow, max-snippet:-1, max-image-preview:large, max-video-preview:-1\" \/>\n<link rel=\"canonical\" href=\"https:\/\/www.romaoggi.eu\/index.php\/2017\/08\/09\/poverta\/\" \/>\n<meta property=\"og:locale\" content=\"it_IT\" \/>\n<meta property=\"og:type\" content=\"article\" \/>\n<meta property=\"og:title\" content=\"Allarme povert\u00e0 a Roma, si stimano un milione e mezzo di poveri\" \/>\n<meta property=\"og:description\" content=\"ROMA CAPITALE DELLA POVERT\u00c0-15 milioni d&#039;italiani sono poveri, il 10% di loro vive nel perimetro urbano di Roma. Un numero...\" \/>\n<meta property=\"og:url\" content=\"https:\/\/www.romaoggi.eu\/index.php\/2017\/08\/09\/poverta\/\" \/>\n<meta property=\"og:site_name\" content=\"roma oggi\" \/>\n<meta property=\"article:publisher\" content=\"https:\/\/www.facebook.com\/RomaOggi-841544845954114\" \/>\n<meta property=\"article:published_time\" content=\"2017-08-09T10:53:31+00:00\" \/>\n<meta property=\"og:image\" content=\"https:\/\/www.romaoggi.eu\/wp-content\/uploads\/2017\/08\/c74bf755-4a1e-4101-b3d5-f161a534ebfc_xl.jpg\" \/>\n\t<meta property=\"og:image:width\" content=\"1920\" \/>\n\t<meta property=\"og:image:height\" content=\"1080\" \/>\n\t<meta property=\"og:image:type\" content=\"image\/jpeg\" \/>\n<meta name=\"author\" content=\"Flavio\" \/>\n<meta name=\"twitter:card\" content=\"summary_large_image\" \/>\n<meta name=\"twitter:creator\" content=\"@romaoggi_eu\" \/>\n<meta name=\"twitter:site\" content=\"@romaoggi_eu\" \/>\n<meta name=\"twitter:label1\" content=\"Scritto da\" \/>\n\t<meta name=\"twitter:data1\" content=\"Flavio\" \/>\n\t<meta name=\"twitter:label2\" content=\"Tempo di lettura stimato\" \/>\n\t<meta name=\"twitter:data2\" content=\"1 minuto\" \/>\n<script type=\"application\/ld+json\" class=\"yoast-schema-graph\">{\"@context\":\"https:\\\/\\\/schema.org\",\"@graph\":[{\"@type\":\"Article\",\"@id\":\"https:\\\/\\\/www.romaoggi.eu\\\/index.php\\\/2017\\\/08\\\/09\\\/poverta\\\/#article\",\"isPartOf\":{\"@id\":\"https:\\\/\\\/www.romaoggi.eu\\\/index.php\\\/2017\\\/08\\\/09\\\/poverta\\\/\"},\"author\":{\"name\":\"Flavio\",\"@id\":\"https:\\\/\\\/www.romaoggi.eu\\\/#\\\/schema\\\/person\\\/cc12bfd93370392d7e41d243e47e6681\"},\"headline\":\"Allarme povert\u00e0 a Roma, si stimano un milione e mezzo di poveri\",\"datePublished\":\"2017-08-09T10:53:31+00:00\",\"mainEntityOfPage\":{\"@id\":\"https:\\\/\\\/www.romaoggi.eu\\\/index.php\\\/2017\\\/08\\\/09\\\/poverta\\\/\"},\"wordCount\":315,\"commentCount\":0,\"publisher\":{\"@id\":\"https:\\\/\\\/www.romaoggi.eu\\\/#organization\"},\"image\":{\"@id\":\"https:\\\/\\\/www.romaoggi.eu\\\/index.php\\\/2017\\\/08\\\/09\\\/poverta\\\/#primaryimage\"},\"thumbnailUrl\":\"https:\\\/\\\/www.romaoggi.eu\\\/wp-content\\\/uploads\\\/2017\\\/08\\\/c74bf755-4a1e-4101-b3d5-f161a534ebfc_xl.jpg\",\"keywords\":[\"2017\",\"austerity\",\"Caritas\",\"Censis\",\"child poverty\",\"crisi economica\",\"Istat\",\"Povert\u00e0\",\"poverty\",\"Regione Lazio\",\"roma\",\"RomaOggi.eu\",\"rome\",\"ruggiero capone\",\"Sant'Egidio\",\"war on poverty\"],\"articleSection\":[\"attualit\u00e0\"],\"inLanguage\":\"it-IT\",\"potentialAction\":[{\"@type\":\"CommentAction\",\"name\":\"Comment\",\"target\":[\"https:\\\/\\\/www.romaoggi.eu\\\/index.php\\\/2017\\\/08\\\/09\\\/poverta\\\/#respond\"]}]},{\"@type\":\"WebPage\",\"@id\":\"https:\\\/\\\/www.romaoggi.eu\\\/index.php\\\/2017\\\/08\\\/09\\\/poverta\\\/\",\"url\":\"https:\\\/\\\/www.romaoggi.eu\\\/index.php\\\/2017\\\/08\\\/09\\\/poverta\\\/\",\"name\":\"Allarme povert\u00e0 a Roma, si stimano un milione e mezzo di poveri\",\"isPartOf\":{\"@id\":\"https:\\\/\\\/www.romaoggi.eu\\\/#website\"},\"primaryImageOfPage\":{\"@id\":\"https:\\\/\\\/www.romaoggi.eu\\\/index.php\\\/2017\\\/08\\\/09\\\/poverta\\\/#primaryimage\"},\"image\":{\"@id\":\"https:\\\/\\\/www.romaoggi.eu\\\/index.php\\\/2017\\\/08\\\/09\\\/poverta\\\/#primaryimage\"},\"thumbnailUrl\":\"https:\\\/\\\/www.romaoggi.eu\\\/wp-content\\\/uploads\\\/2017\\\/08\\\/c74bf755-4a1e-4101-b3d5-f161a534ebfc_xl.jpg\",\"datePublished\":\"2017-08-09T10:53:31+00:00\",\"description\":\"ROMA CAPITALE DELLA POVERT\u00c0-15 milioni d'italiani sono poveri, il 10% di loro vive nel perimetro urbano di Roma. Un numero...\",\"breadcrumb\":{\"@id\":\"https:\\\/\\\/www.romaoggi.eu\\\/index.php\\\/2017\\\/08\\\/09\\\/poverta\\\/#breadcrumb\"},\"inLanguage\":\"it-IT\",\"potentialAction\":[{\"@type\":\"ReadAction\",\"target\":[\"https:\\\/\\\/www.romaoggi.eu\\\/index.php\\\/2017\\\/08\\\/09\\\/poverta\\\/\"]}]},{\"@type\":\"ImageObject\",\"inLanguage\":\"it-IT\",\"@id\":\"https:\\\/\\\/www.romaoggi.eu\\\/index.php\\\/2017\\\/08\\\/09\\\/poverta\\\/#primaryimage\",\"url\":\"https:\\\/\\\/www.romaoggi.eu\\\/wp-content\\\/uploads\\\/2017\\\/08\\\/c74bf755-4a1e-4101-b3d5-f161a534ebfc_xl.jpg\",\"contentUrl\":\"https:\\\/\\\/www.romaoggi.eu\\\/wp-content\\\/uploads\\\/2017\\\/08\\\/c74bf755-4a1e-4101-b3d5-f161a534ebfc_xl.jpg\",\"width\":1920,\"height\":1080},{\"@type\":\"BreadcrumbList\",\"@id\":\"https:\\\/\\\/www.romaoggi.eu\\\/index.php\\\/2017\\\/08\\\/09\\\/poverta\\\/#breadcrumb\",\"itemListElement\":[{\"@type\":\"ListItem\",\"position\":1,\"name\":\"Home\",\"item\":\"https:\\\/\\\/www.romaoggi.eu\\\/\"},{\"@type\":\"ListItem\",\"position\":2,\"name\":\"Allarme povert\u00e0 a Roma, si stimano un milione e mezzo di poveri\"}]},{\"@type\":\"WebSite\",\"@id\":\"https:\\\/\\\/www.romaoggi.eu\\\/#website\",\"url\":\"https:\\\/\\\/www.romaoggi.eu\\\/\",\"name\":\"roma oggi\",\"description\":\"Interesting News for Interesting people\",\"publisher\":{\"@id\":\"https:\\\/\\\/www.romaoggi.eu\\\/#organization\"},\"potentialAction\":[{\"@type\":\"SearchAction\",\"target\":{\"@type\":\"EntryPoint\",\"urlTemplate\":\"https:\\\/\\\/www.romaoggi.eu\\\/?s={search_term_string}\"},\"query-input\":{\"@type\":\"PropertyValueSpecification\",\"valueRequired\":true,\"valueName\":\"search_term_string\"}}],\"inLanguage\":\"it-IT\"},{\"@type\":\"Organization\",\"@id\":\"https:\\\/\\\/www.romaoggi.eu\\\/#organization\",\"name\":\"RomaOggi\",\"url\":\"https:\\\/\\\/www.romaoggi.eu\\\/\",\"logo\":{\"@type\":\"ImageObject\",\"inLanguage\":\"it-IT\",\"@id\":\"https:\\\/\\\/www.romaoggi.eu\\\/#\\\/schema\\\/logo\\\/image\\\/\",\"url\":\"https:\\\/\\\/www.romaoggi.eu\\\/wp-content\\\/uploads\\\/2017\\\/04\\\/logowp.jpg\",\"contentUrl\":\"https:\\\/\\\/www.romaoggi.eu\\\/wp-content\\\/uploads\\\/2017\\\/04\\\/logowp.jpg\",\"width\":300,\"height\":133,\"caption\":\"RomaOggi\"},\"image\":{\"@id\":\"https:\\\/\\\/www.romaoggi.eu\\\/#\\\/schema\\\/logo\\\/image\\\/\"},\"sameAs\":[\"https:\\\/\\\/www.facebook.com\\\/RomaOggi-841544845954114\",\"https:\\\/\\\/x.com\\\/romaoggi_eu\"]},{\"@type\":\"Person\",\"@id\":\"https:\\\/\\\/www.romaoggi.eu\\\/#\\\/schema\\\/person\\\/cc12bfd93370392d7e41d243e47e6681\",\"name\":\"Flavio\",\"image\":{\"@type\":\"ImageObject\",\"inLanguage\":\"it-IT\",\"@id\":\"https:\\\/\\\/secure.gravatar.com\\\/avatar\\\/7e044ce830ea97853e01500437b37dff4a622b20a194e4d0efe9b67e918f19e5?s=96&d=mm&r=g\",\"url\":\"https:\\\/\\\/secure.gravatar.com\\\/avatar\\\/7e044ce830ea97853e01500437b37dff4a622b20a194e4d0efe9b67e918f19e5?s=96&d=mm&r=g\",\"contentUrl\":\"https:\\\/\\\/secure.gravatar.com\\\/avatar\\\/7e044ce830ea97853e01500437b37dff4a622b20a194e4d0efe9b67e918f19e5?s=96&d=mm&r=g\",\"caption\":\"Flavio\"},\"url\":\"https:\\\/\\\/www.romaoggi.eu\\\/index.php\\\/author\\\/cristiano\\\/\"}]}<\/script>\n<!-- \/ Yoast SEO plugin. -->","yoast_head_json":{"title":"Allarme povert\u00e0 a Roma, si stimano un milione e mezzo di poveri","description":"ROMA CAPITALE DELLA POVERT\u00c0-15 milioni d'italiani sono poveri, il 10% di loro vive nel perimetro urbano di Roma. Un numero...","robots":{"index":"index","follow":"follow","max-snippet":"max-snippet:-1","max-image-preview":"max-image-preview:large","max-video-preview":"max-video-preview:-1"},"canonical":"https:\/\/www.romaoggi.eu\/index.php\/2017\/08\/09\/poverta\/","og_locale":"it_IT","og_type":"article","og_title":"Allarme povert\u00e0 a Roma, si stimano un milione e mezzo di poveri","og_description":"ROMA CAPITALE DELLA POVERT\u00c0-15 milioni d'italiani sono poveri, il 10% di loro vive nel perimetro urbano di Roma. Un numero...","og_url":"https:\/\/www.romaoggi.eu\/index.php\/2017\/08\/09\/poverta\/","og_site_name":"roma oggi","article_publisher":"https:\/\/www.facebook.com\/RomaOggi-841544845954114","article_published_time":"2017-08-09T10:53:31+00:00","og_image":[{"width":1920,"height":1080,"url":"https:\/\/www.romaoggi.eu\/wp-content\/uploads\/2017\/08\/c74bf755-4a1e-4101-b3d5-f161a534ebfc_xl.jpg","type":"image\/jpeg"}],"author":"Flavio","twitter_card":"summary_large_image","twitter_creator":"@romaoggi_eu","twitter_site":"@romaoggi_eu","twitter_misc":{"Scritto da":"Flavio","Tempo di lettura stimato":"1 minuto"},"schema":{"@context":"https:\/\/schema.org","@graph":[{"@type":"Article","@id":"https:\/\/www.romaoggi.eu\/index.php\/2017\/08\/09\/poverta\/#article","isPartOf":{"@id":"https:\/\/www.romaoggi.eu\/index.php\/2017\/08\/09\/poverta\/"},"author":{"name":"Flavio","@id":"https:\/\/www.romaoggi.eu\/#\/schema\/person\/cc12bfd93370392d7e41d243e47e6681"},"headline":"Allarme povert\u00e0 a Roma, si stimano un milione e mezzo di poveri","datePublished":"2017-08-09T10:53:31+00:00","mainEntityOfPage":{"@id":"https:\/\/www.romaoggi.eu\/index.php\/2017\/08\/09\/poverta\/"},"wordCount":315,"commentCount":0,"publisher":{"@id":"https:\/\/www.romaoggi.eu\/#organization"},"image":{"@id":"https:\/\/www.romaoggi.eu\/index.php\/2017\/08\/09\/poverta\/#primaryimage"},"thumbnailUrl":"https:\/\/www.romaoggi.eu\/wp-content\/uploads\/2017\/08\/c74bf755-4a1e-4101-b3d5-f161a534ebfc_xl.jpg","keywords":["2017","austerity","Caritas","Censis","child poverty","crisi economica","Istat","Povert\u00e0","poverty","Regione Lazio","roma","RomaOggi.eu","rome","ruggiero capone","Sant'Egidio","war on poverty"],"articleSection":["attualit\u00e0"],"inLanguage":"it-IT","potentialAction":[{"@type":"CommentAction","name":"Comment","target":["https:\/\/www.romaoggi.eu\/index.php\/2017\/08\/09\/poverta\/#respond"]}]},{"@type":"WebPage","@id":"https:\/\/www.romaoggi.eu\/index.php\/2017\/08\/09\/poverta\/","url":"https:\/\/www.romaoggi.eu\/index.php\/2017\/08\/09\/poverta\/","name":"Allarme povert\u00e0 a Roma, si stimano un milione e mezzo di poveri","isPartOf":{"@id":"https:\/\/www.romaoggi.eu\/#website"},"primaryImageOfPage":{"@id":"https:\/\/www.romaoggi.eu\/index.php\/2017\/08\/09\/poverta\/#primaryimage"},"image":{"@id":"https:\/\/www.romaoggi.eu\/index.php\/2017\/08\/09\/poverta\/#primaryimage"},"thumbnailUrl":"https:\/\/www.romaoggi.eu\/wp-content\/uploads\/2017\/08\/c74bf755-4a1e-4101-b3d5-f161a534ebfc_xl.jpg","datePublished":"2017-08-09T10:53:31+00:00","description":"ROMA CAPITALE DELLA POVERT\u00c0-15 milioni d'italiani sono poveri, il 10% di loro vive nel perimetro urbano di Roma. Un numero...","breadcrumb":{"@id":"https:\/\/www.romaoggi.eu\/index.php\/2017\/08\/09\/poverta\/#breadcrumb"},"inLanguage":"it-IT","potentialAction":[{"@type":"ReadAction","target":["https:\/\/www.romaoggi.eu\/index.php\/2017\/08\/09\/poverta\/"]}]},{"@type":"ImageObject","inLanguage":"it-IT","@id":"https:\/\/www.romaoggi.eu\/index.php\/2017\/08\/09\/poverta\/#primaryimage","url":"https:\/\/www.romaoggi.eu\/wp-content\/uploads\/2017\/08\/c74bf755-4a1e-4101-b3d5-f161a534ebfc_xl.jpg","contentUrl":"https:\/\/www.romaoggi.eu\/wp-content\/uploads\/2017\/08\/c74bf755-4a1e-4101-b3d5-f161a534ebfc_xl.jpg","width":1920,"height":1080},{"@type":"BreadcrumbList","@id":"https:\/\/www.romaoggi.eu\/index.php\/2017\/08\/09\/poverta\/#breadcrumb","itemListElement":[{"@type":"ListItem","position":1,"name":"Home","item":"https:\/\/www.romaoggi.eu\/"},{"@type":"ListItem","position":2,"name":"Allarme povert\u00e0 a Roma, si stimano un milione e mezzo di poveri"}]},{"@type":"WebSite","@id":"https:\/\/www.romaoggi.eu\/#website","url":"https:\/\/www.romaoggi.eu\/","name":"roma oggi","description":"Interesting News for Interesting people","publisher":{"@id":"https:\/\/www.romaoggi.eu\/#organization"},"potentialAction":[{"@type":"SearchAction","target":{"@type":"EntryPoint","urlTemplate":"https:\/\/www.romaoggi.eu\/?s={search_term_string}"},"query-input":{"@type":"PropertyValueSpecification","valueRequired":true,"valueName":"search_term_string"}}],"inLanguage":"it-IT"},{"@type":"Organization","@id":"https:\/\/www.romaoggi.eu\/#organization","name":"RomaOggi","url":"https:\/\/www.romaoggi.eu\/","logo":{"@type":"ImageObject","inLanguage":"it-IT","@id":"https:\/\/www.romaoggi.eu\/#\/schema\/logo\/image\/","url":"https:\/\/www.romaoggi.eu\/wp-content\/uploads\/2017\/04\/logowp.jpg","contentUrl":"https:\/\/www.romaoggi.eu\/wp-content\/uploads\/2017\/04\/logowp.jpg","width":300,"height":133,"caption":"RomaOggi"},"image":{"@id":"https:\/\/www.romaoggi.eu\/#\/schema\/logo\/image\/"},"sameAs":["https:\/\/www.facebook.com\/RomaOggi-841544845954114","https:\/\/x.com\/romaoggi_eu"]},{"@type":"Person","@id":"https:\/\/www.romaoggi.eu\/#\/schema\/person\/cc12bfd93370392d7e41d243e47e6681","name":"Flavio","image":{"@type":"ImageObject","inLanguage":"it-IT","@id":"https:\/\/secure.gravatar.com\/avatar\/7e044ce830ea97853e01500437b37dff4a622b20a194e4d0efe9b67e918f19e5?s=96&d=mm&r=g","url":"https:\/\/secure.gravatar.com\/avatar\/7e044ce830ea97853e01500437b37dff4a622b20a194e4d0efe9b67e918f19e5?s=96&d=mm&r=g","contentUrl":"https:\/\/secure.gravatar.com\/avatar\/7e044ce830ea97853e01500437b37dff4a622b20a194e4d0efe9b67e918f19e5?s=96&d=mm&r=g","caption":"Flavio"},"url":"https:\/\/www.romaoggi.eu\/index.php\/author\/cristiano\/"}]}},"_links":{"self":[{"href":"https:\/\/www.romaoggi.eu\/index.php\/wp-json\/wp\/v2\/posts\/9797","targetHints":{"allow":["GET"]}}],"collection":[{"href":"https:\/\/www.romaoggi.eu\/index.php\/wp-json\/wp\/v2\/posts"}],"about":[{"href":"https:\/\/www.romaoggi.eu\/index.php\/wp-json\/wp\/v2\/types\/post"}],"author":[{"embeddable":true,"href":"https:\/\/www.romaoggi.eu\/index.php\/wp-json\/wp\/v2\/users\/5"}],"replies":[{"embeddable":true,"href":"https:\/\/www.romaoggi.eu\/index.php\/wp-json\/wp\/v2\/comments?post=9797"}],"version-history":[{"count":2,"href":"https:\/\/www.romaoggi.eu\/index.php\/wp-json\/wp\/v2\/posts\/9797\/revisions"}],"predecessor-version":[{"id":9801,"href":"https:\/\/www.romaoggi.eu\/index.php\/wp-json\/wp\/v2\/posts\/9797\/revisions\/9801"}],"wp:featuredmedia":[{"embeddable":true,"href":"https:\/\/www.romaoggi.eu\/index.php\/wp-json\/wp\/v2\/media\/9799"}],"wp:attachment":[{"href":"https:\/\/www.romaoggi.eu\/index.php\/wp-json\/wp\/v2\/media?parent=9797"}],"wp:term":[{"taxonomy":"category","embeddable":true,"href":"https:\/\/www.romaoggi.eu\/index.php\/wp-json\/wp\/v2\/categories?post=9797"},{"taxonomy":"post_tag","embeddable":true,"href":"https:\/\/www.romaoggi.eu\/index.php\/wp-json\/wp\/v2\/tags?post=9797"}],"curies":[{"name":"wp","href":"https:\/\/api.w.org\/{rel}","templated":true}]}}