{"id":9844,"date":"2017-08-13T09:20:03","date_gmt":"2017-08-13T07:20:03","guid":{"rendered":"http:\/\/www.romaoggi.eu\/?p=9844"},"modified":"2017-08-13T09:20:03","modified_gmt":"2017-08-13T07:20:03","slug":"roma-calcio-femminile-7","status":"publish","type":"post","link":"https:\/\/www.romaoggi.eu\/index.php\/2017\/08\/13\/roma-calcio-femminile-7\/","title":{"rendered":"Roma calcio femminile: Arriva la conferma della centrocampista Chiara Lor\u00e8"},"content":{"rendered":"<h2>Ancora un\u2019importante conferma per la Roma calcio femminile: Chiara Lor\u00e8<\/h2>\n<p align=\"JUSTIFY\"><b>Roma calcio femminile: <\/b>La ventiseienne <strong>Chiara Lor\u00e8<\/strong> si mette a disposizione di mister Piras per la ormai prossima stagione calcistica ed il 21 inizier\u00e0 il ritiro precampionato. Centrocampista molto duttile, quando \u00e8 necessario non disdegna di dare una mano in difesa o proiettarsi sotto porta in attacco. Forte colpitore di testa, alta 1,80, fa sentire la sua presenza fisica in campo. Eccola in una breve intervista.<\/p>\n<p align=\"JUSTIFY\"><img loading=\"lazy\" decoding=\"async\" class=\"alignright wp-image-9847 size-medium\" src=\"https:\/\/www.romaoggi.eu\/wp-content\/uploads\/2017\/08\/IMG_6097-300x292.jpg\" alt=\"Alt text Roma calcio femminile\" width=\"300\" height=\"292\" srcset=\"https:\/\/www.romaoggi.eu\/wp-content\/uploads\/2017\/08\/IMG_6097-300x292.jpg 300w, https:\/\/www.romaoggi.eu\/wp-content\/uploads\/2017\/08\/IMG_6097-1024x996.jpg 1024w, https:\/\/www.romaoggi.eu\/wp-content\/uploads\/2017\/08\/IMG_6097.jpg 1400w\" sizes=\"auto, (max-width: 300px) 100vw, 300px\" \/><\/p>\n<p align=\"JUSTIFY\"><b>Si ricomincia una nuova stagione. Dove si trovano gli stimoli per ripartire dopo le delusioni passate?<\/b><\/p>\n<p align=\"JUSTIFY\">\u201c<i>Sicuramente la delusione \u00e8 grande. Non \u00e8 facile accettare per due anni di fila lo stesso risultato, ma siamo un gruppo forte ed unito, sicuramente tutte insieme riusciremo a ritrovare quella voglia che abbiamo sempre avuto. Non ci siamo ancora date per vinte. Abbiamo tanta voglia di riscatto!\u201d<\/i><\/p>\n<p align=\"JUSTIFY\"><b>A che punto sei della tua maturit\u00e0 calcistica, pensi che devi ancora migliorarti?<\/b><\/p>\n<p align=\"JUSTIFY\">\u201c<i>Penso di essere cresciuta molto soprattutto nell\u2019ultimo anno grazie a mister Seleman, sicuramente devo ancora migliorare, ma la strada \u00e8 quella giusta.\u201d<\/i><\/p>\n<p align=\"JUSTIFY\"><b>In ritiro troverai un nuovo mister. Conosci gi\u00e0 mister Piras? Cosa ti aspetti da lui?<\/b><\/p>\n<p align=\"JUSTIFY\">\u201c<i>Non conosco mister Piras personalmente e spero che la sua esperienza ci aiuti a dare quel qualcosa in pi\u00f9 che fino ad oggi c\u2019\u00e8 Mancato!\u201d<\/i><\/p>\n<p align=\"JUSTIFY\"><b>Cosa \u00e8 per te la Roma calcio femminile?<\/b><\/p>\n<p align=\"JUSTIFY\">\u201c<i>La Roma Femminile \u00e8 una seconda famiglia, un gruppo fantastico, unito sotto tutti i punti di vista, non solo calcistici, ed \u00e8 proprio questo che lo rende speciale!<br \/>\n\u00c8 inutile spiegare a parole cos\u2019\u00e8 la ROMA FEMMINILE perch\u00e9 per capirlo devi solo VIVERLA!\u201d<\/i><\/p>\n<p align=\"JUSTIFY\"><strong>Per maggiori Info clicca <a href=\"http:\/\/www.romacalciofemminile.it\/blog\/\">QUI<\/a><\/strong><\/p>\n<p align=\"JUSTIFY\"><a href=\"https:\/\/www.romaoggi.eu\/index.php\/2017\/08\/12\/roma-calcio-femminile-6\/\"><b>RomaOggi.eu \u2192 Leggi l&#8217;articolo seguente<\/b><\/a><\/p>\n<p align=\"JUSTIFY\">La Redazione<\/p>\n<p align=\"JUSTIFY\"><img loading=\"lazy\" decoding=\"async\" class=\"aligncenter wp-image-9588 size-medium\" src=\"https:\/\/www.romaoggi.eu\/wp-content\/uploads\/2017\/07\/roma-calcio-femminile-wp-300x300.jpg\" alt=\"Alt text Roma calcio femminile\" width=\"300\" height=\"300\" \/><\/p>\n","protected":false},"excerpt":{"rendered":"<div class=\"mh-excerpt\"><p>Ancora un\u2019importante conferma per la Roma calcio femminile: Chiara Lor\u00e8 Roma calcio femminile: La ventiseienne Chiara Lor\u00e8 si mette a disposizione di mister Piras per la ormai prossima stagione calcistica ed il 21 inizier\u00e0 il <a class=\"mh-excerpt-more\" href=\"https:\/\/www.romaoggi.eu\/index.php\/2017\/08\/13\/roma-calcio-femminile-7\/\" title=\"Roma calcio femminile: Arriva la conferma della centrocampista Chiara Lor\u00e8\">[&#8230;]<\/a><\/p>\n<\/div>","protected":false},"author":5,"featured_media":9845,"comment_status":"open","ping_status":"open","sticky":false,"template":"","format":"standard","meta":{"_sitemap_exclude":false,"_sitemap_priority":"","_sitemap_frequency":"","footnotes":""},"categories":[5],"tags":[6483,356,7220,7005,7221,109,6916,1738,634,7159],"class_list":["post-9844","post","type-post","status-publish","format-standard","has-post-thumbnail","hentry","category-sport","tag-6483","tag-calcio","tag-chiara-lore","tag-piras","tag-ritiro-precampionato","tag-roma","tag-roma-calcio-femminile","tag-romaoggi-eu","tag-rome","tag-women-soccer"],"yoast_head":"<!-- This site is optimized with the Yoast SEO plugin v27.5 - https:\/\/yoast.com\/product\/yoast-seo-wordpress\/ -->\n<title>Roma calcio femminile: Arriva la conferma della centrocampista Chiara Lor\u00e8<\/title>\n<meta name=\"description\" content=\"Roma calcio femminile: La ventiseienne Chiara Lor\u00e8 si mette a disposizione di mister Piras per la ormai prossima stagione calcistica ed il 21 inizier\u00e0 il...\" \/>\n<meta name=\"robots\" content=\"index, follow, max-snippet:-1, max-image-preview:large, max-video-preview:-1\" \/>\n<link rel=\"canonical\" href=\"https:\/\/www.romaoggi.eu\/index.php\/2017\/08\/13\/roma-calcio-femminile-7\/\" \/>\n<meta property=\"og:locale\" content=\"it_IT\" \/>\n<meta property=\"og:type\" content=\"article\" \/>\n<meta property=\"og:title\" content=\"Roma calcio femminile: Arriva la conferma della centrocampista Chiara Lor\u00e8\" \/>\n<meta property=\"og:description\" content=\"Roma calcio femminile: La ventiseienne Chiara Lor\u00e8 si mette a disposizione di mister Piras per la ormai prossima stagione calcistica ed il 21 inizier\u00e0 il...\" \/>\n<meta property=\"og:url\" content=\"https:\/\/www.romaoggi.eu\/index.php\/2017\/08\/13\/roma-calcio-femminile-7\/\" \/>\n<meta property=\"og:site_name\" content=\"roma oggi\" \/>\n<meta property=\"article:publisher\" content=\"https:\/\/www.facebook.com\/RomaOggi-841544845954114\" \/>\n<meta property=\"article:published_time\" content=\"2017-08-13T07:20:03+00:00\" \/>\n<meta property=\"og:image\" content=\"https:\/\/www.romaoggi.eu\/wp-content\/uploads\/2017\/08\/20170812_124310.jpg\" \/>\n\t<meta property=\"og:image:width\" content=\"354\" \/>\n\t<meta property=\"og:image:height\" content=\"500\" \/>\n\t<meta property=\"og:image:type\" content=\"image\/jpeg\" \/>\n<meta name=\"author\" content=\"Flavio\" \/>\n<meta name=\"twitter:card\" content=\"summary_large_image\" \/>\n<meta name=\"twitter:creator\" content=\"@romaoggi_eu\" \/>\n<meta name=\"twitter:site\" content=\"@romaoggi_eu\" \/>\n<meta name=\"twitter:label1\" content=\"Scritto da\" \/>\n\t<meta name=\"twitter:data1\" content=\"Flavio\" \/>\n\t<meta name=\"twitter:label2\" content=\"Tempo di lettura stimato\" \/>\n\t<meta name=\"twitter:data2\" content=\"1 minuto\" \/>\n<script type=\"application\/ld+json\" class=\"yoast-schema-graph\">{\"@context\":\"https:\\\/\\\/schema.org\",\"@graph\":[{\"@type\":\"Article\",\"@id\":\"https:\\\/\\\/www.romaoggi.eu\\\/index.php\\\/2017\\\/08\\\/13\\\/roma-calcio-femminile-7\\\/#article\",\"isPartOf\":{\"@id\":\"https:\\\/\\\/www.romaoggi.eu\\\/index.php\\\/2017\\\/08\\\/13\\\/roma-calcio-femminile-7\\\/\"},\"author\":{\"name\":\"Flavio\",\"@id\":\"https:\\\/\\\/www.romaoggi.eu\\\/#\\\/schema\\\/person\\\/cc12bfd93370392d7e41d243e47e6681\"},\"headline\":\"Roma calcio femminile: Arriva la conferma della centrocampista Chiara Lor\u00e8\",\"datePublished\":\"2017-08-13T07:20:03+00:00\",\"mainEntityOfPage\":{\"@id\":\"https:\\\/\\\/www.romaoggi.eu\\\/index.php\\\/2017\\\/08\\\/13\\\/roma-calcio-femminile-7\\\/\"},\"wordCount\":281,\"commentCount\":0,\"publisher\":{\"@id\":\"https:\\\/\\\/www.romaoggi.eu\\\/#organization\"},\"image\":{\"@id\":\"https:\\\/\\\/www.romaoggi.eu\\\/index.php\\\/2017\\\/08\\\/13\\\/roma-calcio-femminile-7\\\/#primaryimage\"},\"thumbnailUrl\":\"https:\\\/\\\/www.romaoggi.eu\\\/wp-content\\\/uploads\\\/2017\\\/08\\\/20170812_124310.jpg\",\"keywords\":[\"2017\",\"calcio\",\"Chiara Lor\u00e8\",\"Piras\",\"ritiro precampionato\",\"roma\",\"Roma calcio femminile\",\"RomaOggi.eu\",\"rome\",\"women soccer\"],\"articleSection\":[\"Sport\"],\"inLanguage\":\"it-IT\",\"potentialAction\":[{\"@type\":\"CommentAction\",\"name\":\"Comment\",\"target\":[\"https:\\\/\\\/www.romaoggi.eu\\\/index.php\\\/2017\\\/08\\\/13\\\/roma-calcio-femminile-7\\\/#respond\"]}]},{\"@type\":\"WebPage\",\"@id\":\"https:\\\/\\\/www.romaoggi.eu\\\/index.php\\\/2017\\\/08\\\/13\\\/roma-calcio-femminile-7\\\/\",\"url\":\"https:\\\/\\\/www.romaoggi.eu\\\/index.php\\\/2017\\\/08\\\/13\\\/roma-calcio-femminile-7\\\/\",\"name\":\"Roma calcio femminile: Arriva la conferma della centrocampista Chiara Lor\u00e8\",\"isPartOf\":{\"@id\":\"https:\\\/\\\/www.romaoggi.eu\\\/#website\"},\"primaryImageOfPage\":{\"@id\":\"https:\\\/\\\/www.romaoggi.eu\\\/index.php\\\/2017\\\/08\\\/13\\\/roma-calcio-femminile-7\\\/#primaryimage\"},\"image\":{\"@id\":\"https:\\\/\\\/www.romaoggi.eu\\\/index.php\\\/2017\\\/08\\\/13\\\/roma-calcio-femminile-7\\\/#primaryimage\"},\"thumbnailUrl\":\"https:\\\/\\\/www.romaoggi.eu\\\/wp-content\\\/uploads\\\/2017\\\/08\\\/20170812_124310.jpg\",\"datePublished\":\"2017-08-13T07:20:03+00:00\",\"description\":\"Roma calcio femminile: La ventiseienne Chiara Lor\u00e8 si mette a disposizione di mister Piras per la ormai prossima stagione calcistica ed il 21 inizier\u00e0 il...\",\"breadcrumb\":{\"@id\":\"https:\\\/\\\/www.romaoggi.eu\\\/index.php\\\/2017\\\/08\\\/13\\\/roma-calcio-femminile-7\\\/#breadcrumb\"},\"inLanguage\":\"it-IT\",\"potentialAction\":[{\"@type\":\"ReadAction\",\"target\":[\"https:\\\/\\\/www.romaoggi.eu\\\/index.php\\\/2017\\\/08\\\/13\\\/roma-calcio-femminile-7\\\/\"]}]},{\"@type\":\"ImageObject\",\"inLanguage\":\"it-IT\",\"@id\":\"https:\\\/\\\/www.romaoggi.eu\\\/index.php\\\/2017\\\/08\\\/13\\\/roma-calcio-femminile-7\\\/#primaryimage\",\"url\":\"https:\\\/\\\/www.romaoggi.eu\\\/wp-content\\\/uploads\\\/2017\\\/08\\\/20170812_124310.jpg\",\"contentUrl\":\"https:\\\/\\\/www.romaoggi.eu\\\/wp-content\\\/uploads\\\/2017\\\/08\\\/20170812_124310.jpg\",\"width\":354,\"height\":500},{\"@type\":\"BreadcrumbList\",\"@id\":\"https:\\\/\\\/www.romaoggi.eu\\\/index.php\\\/2017\\\/08\\\/13\\\/roma-calcio-femminile-7\\\/#breadcrumb\",\"itemListElement\":[{\"@type\":\"ListItem\",\"position\":1,\"name\":\"Home\",\"item\":\"https:\\\/\\\/www.romaoggi.eu\\\/\"},{\"@type\":\"ListItem\",\"position\":2,\"name\":\"Roma calcio femminile: Arriva la conferma della centrocampista Chiara Lor\u00e8\"}]},{\"@type\":\"WebSite\",\"@id\":\"https:\\\/\\\/www.romaoggi.eu\\\/#website\",\"url\":\"https:\\\/\\\/www.romaoggi.eu\\\/\",\"name\":\"roma oggi\",\"description\":\"Interesting News for Interesting people\",\"publisher\":{\"@id\":\"https:\\\/\\\/www.romaoggi.eu\\\/#organization\"},\"potentialAction\":[{\"@type\":\"SearchAction\",\"target\":{\"@type\":\"EntryPoint\",\"urlTemplate\":\"https:\\\/\\\/www.romaoggi.eu\\\/?s={search_term_string}\"},\"query-input\":{\"@type\":\"PropertyValueSpecification\",\"valueRequired\":true,\"valueName\":\"search_term_string\"}}],\"inLanguage\":\"it-IT\"},{\"@type\":\"Organization\",\"@id\":\"https:\\\/\\\/www.romaoggi.eu\\\/#organization\",\"name\":\"RomaOggi\",\"url\":\"https:\\\/\\\/www.romaoggi.eu\\\/\",\"logo\":{\"@type\":\"ImageObject\",\"inLanguage\":\"it-IT\",\"@id\":\"https:\\\/\\\/www.romaoggi.eu\\\/#\\\/schema\\\/logo\\\/image\\\/\",\"url\":\"https:\\\/\\\/www.romaoggi.eu\\\/wp-content\\\/uploads\\\/2017\\\/04\\\/logowp.jpg\",\"contentUrl\":\"https:\\\/\\\/www.romaoggi.eu\\\/wp-content\\\/uploads\\\/2017\\\/04\\\/logowp.jpg\",\"width\":300,\"height\":133,\"caption\":\"RomaOggi\"},\"image\":{\"@id\":\"https:\\\/\\\/www.romaoggi.eu\\\/#\\\/schema\\\/logo\\\/image\\\/\"},\"sameAs\":[\"https:\\\/\\\/www.facebook.com\\\/RomaOggi-841544845954114\",\"https:\\\/\\\/x.com\\\/romaoggi_eu\"]},{\"@type\":\"Person\",\"@id\":\"https:\\\/\\\/www.romaoggi.eu\\\/#\\\/schema\\\/person\\\/cc12bfd93370392d7e41d243e47e6681\",\"name\":\"Flavio\",\"image\":{\"@type\":\"ImageObject\",\"inLanguage\":\"it-IT\",\"@id\":\"https:\\\/\\\/secure.gravatar.com\\\/avatar\\\/7e044ce830ea97853e01500437b37dff4a622b20a194e4d0efe9b67e918f19e5?s=96&d=mm&r=g\",\"url\":\"https:\\\/\\\/secure.gravatar.com\\\/avatar\\\/7e044ce830ea97853e01500437b37dff4a622b20a194e4d0efe9b67e918f19e5?s=96&d=mm&r=g\",\"contentUrl\":\"https:\\\/\\\/secure.gravatar.com\\\/avatar\\\/7e044ce830ea97853e01500437b37dff4a622b20a194e4d0efe9b67e918f19e5?s=96&d=mm&r=g\",\"caption\":\"Flavio\"},\"url\":\"https:\\\/\\\/www.romaoggi.eu\\\/index.php\\\/author\\\/cristiano\\\/\"}]}<\/script>\n<!-- \/ Yoast SEO plugin. -->","yoast_head_json":{"title":"Roma calcio femminile: Arriva la conferma della centrocampista Chiara Lor\u00e8","description":"Roma calcio femminile: La ventiseienne Chiara Lor\u00e8 si mette a disposizione di mister Piras per la ormai prossima stagione calcistica ed il 21 inizier\u00e0 il...","robots":{"index":"index","follow":"follow","max-snippet":"max-snippet:-1","max-image-preview":"max-image-preview:large","max-video-preview":"max-video-preview:-1"},"canonical":"https:\/\/www.romaoggi.eu\/index.php\/2017\/08\/13\/roma-calcio-femminile-7\/","og_locale":"it_IT","og_type":"article","og_title":"Roma calcio femminile: Arriva la conferma della centrocampista Chiara Lor\u00e8","og_description":"Roma calcio femminile: La ventiseienne Chiara Lor\u00e8 si mette a disposizione di mister Piras per la ormai prossima stagione calcistica ed il 21 inizier\u00e0 il...","og_url":"https:\/\/www.romaoggi.eu\/index.php\/2017\/08\/13\/roma-calcio-femminile-7\/","og_site_name":"roma oggi","article_publisher":"https:\/\/www.facebook.com\/RomaOggi-841544845954114","article_published_time":"2017-08-13T07:20:03+00:00","og_image":[{"width":354,"height":500,"url":"https:\/\/www.romaoggi.eu\/wp-content\/uploads\/2017\/08\/20170812_124310.jpg","type":"image\/jpeg"}],"author":"Flavio","twitter_card":"summary_large_image","twitter_creator":"@romaoggi_eu","twitter_site":"@romaoggi_eu","twitter_misc":{"Scritto da":"Flavio","Tempo di lettura stimato":"1 minuto"},"schema":{"@context":"https:\/\/schema.org","@graph":[{"@type":"Article","@id":"https:\/\/www.romaoggi.eu\/index.php\/2017\/08\/13\/roma-calcio-femminile-7\/#article","isPartOf":{"@id":"https:\/\/www.romaoggi.eu\/index.php\/2017\/08\/13\/roma-calcio-femminile-7\/"},"author":{"name":"Flavio","@id":"https:\/\/www.romaoggi.eu\/#\/schema\/person\/cc12bfd93370392d7e41d243e47e6681"},"headline":"Roma calcio femminile: Arriva la conferma della centrocampista Chiara Lor\u00e8","datePublished":"2017-08-13T07:20:03+00:00","mainEntityOfPage":{"@id":"https:\/\/www.romaoggi.eu\/index.php\/2017\/08\/13\/roma-calcio-femminile-7\/"},"wordCount":281,"commentCount":0,"publisher":{"@id":"https:\/\/www.romaoggi.eu\/#organization"},"image":{"@id":"https:\/\/www.romaoggi.eu\/index.php\/2017\/08\/13\/roma-calcio-femminile-7\/#primaryimage"},"thumbnailUrl":"https:\/\/www.romaoggi.eu\/wp-content\/uploads\/2017\/08\/20170812_124310.jpg","keywords":["2017","calcio","Chiara Lor\u00e8","Piras","ritiro precampionato","roma","Roma calcio femminile","RomaOggi.eu","rome","women soccer"],"articleSection":["Sport"],"inLanguage":"it-IT","potentialAction":[{"@type":"CommentAction","name":"Comment","target":["https:\/\/www.romaoggi.eu\/index.php\/2017\/08\/13\/roma-calcio-femminile-7\/#respond"]}]},{"@type":"WebPage","@id":"https:\/\/www.romaoggi.eu\/index.php\/2017\/08\/13\/roma-calcio-femminile-7\/","url":"https:\/\/www.romaoggi.eu\/index.php\/2017\/08\/13\/roma-calcio-femminile-7\/","name":"Roma calcio femminile: Arriva la conferma della centrocampista Chiara Lor\u00e8","isPartOf":{"@id":"https:\/\/www.romaoggi.eu\/#website"},"primaryImageOfPage":{"@id":"https:\/\/www.romaoggi.eu\/index.php\/2017\/08\/13\/roma-calcio-femminile-7\/#primaryimage"},"image":{"@id":"https:\/\/www.romaoggi.eu\/index.php\/2017\/08\/13\/roma-calcio-femminile-7\/#primaryimage"},"thumbnailUrl":"https:\/\/www.romaoggi.eu\/wp-content\/uploads\/2017\/08\/20170812_124310.jpg","datePublished":"2017-08-13T07:20:03+00:00","description":"Roma calcio femminile: La ventiseienne Chiara Lor\u00e8 si mette a disposizione di mister Piras per la ormai prossima stagione calcistica ed il 21 inizier\u00e0 il...","breadcrumb":{"@id":"https:\/\/www.romaoggi.eu\/index.php\/2017\/08\/13\/roma-calcio-femminile-7\/#breadcrumb"},"inLanguage":"it-IT","potentialAction":[{"@type":"ReadAction","target":["https:\/\/www.romaoggi.eu\/index.php\/2017\/08\/13\/roma-calcio-femminile-7\/"]}]},{"@type":"ImageObject","inLanguage":"it-IT","@id":"https:\/\/www.romaoggi.eu\/index.php\/2017\/08\/13\/roma-calcio-femminile-7\/#primaryimage","url":"https:\/\/www.romaoggi.eu\/wp-content\/uploads\/2017\/08\/20170812_124310.jpg","contentUrl":"https:\/\/www.romaoggi.eu\/wp-content\/uploads\/2017\/08\/20170812_124310.jpg","width":354,"height":500},{"@type":"BreadcrumbList","@id":"https:\/\/www.romaoggi.eu\/index.php\/2017\/08\/13\/roma-calcio-femminile-7\/#breadcrumb","itemListElement":[{"@type":"ListItem","position":1,"name":"Home","item":"https:\/\/www.romaoggi.eu\/"},{"@type":"ListItem","position":2,"name":"Roma calcio femminile: Arriva la conferma della centrocampista Chiara Lor\u00e8"}]},{"@type":"WebSite","@id":"https:\/\/www.romaoggi.eu\/#website","url":"https:\/\/www.romaoggi.eu\/","name":"roma oggi","description":"Interesting News for Interesting people","publisher":{"@id":"https:\/\/www.romaoggi.eu\/#organization"},"potentialAction":[{"@type":"SearchAction","target":{"@type":"EntryPoint","urlTemplate":"https:\/\/www.romaoggi.eu\/?s={search_term_string}"},"query-input":{"@type":"PropertyValueSpecification","valueRequired":true,"valueName":"search_term_string"}}],"inLanguage":"it-IT"},{"@type":"Organization","@id":"https:\/\/www.romaoggi.eu\/#organization","name":"RomaOggi","url":"https:\/\/www.romaoggi.eu\/","logo":{"@type":"ImageObject","inLanguage":"it-IT","@id":"https:\/\/www.romaoggi.eu\/#\/schema\/logo\/image\/","url":"https:\/\/www.romaoggi.eu\/wp-content\/uploads\/2017\/04\/logowp.jpg","contentUrl":"https:\/\/www.romaoggi.eu\/wp-content\/uploads\/2017\/04\/logowp.jpg","width":300,"height":133,"caption":"RomaOggi"},"image":{"@id":"https:\/\/www.romaoggi.eu\/#\/schema\/logo\/image\/"},"sameAs":["https:\/\/www.facebook.com\/RomaOggi-841544845954114","https:\/\/x.com\/romaoggi_eu"]},{"@type":"Person","@id":"https:\/\/www.romaoggi.eu\/#\/schema\/person\/cc12bfd93370392d7e41d243e47e6681","name":"Flavio","image":{"@type":"ImageObject","inLanguage":"it-IT","@id":"https:\/\/secure.gravatar.com\/avatar\/7e044ce830ea97853e01500437b37dff4a622b20a194e4d0efe9b67e918f19e5?s=96&d=mm&r=g","url":"https:\/\/secure.gravatar.com\/avatar\/7e044ce830ea97853e01500437b37dff4a622b20a194e4d0efe9b67e918f19e5?s=96&d=mm&r=g","contentUrl":"https:\/\/secure.gravatar.com\/avatar\/7e044ce830ea97853e01500437b37dff4a622b20a194e4d0efe9b67e918f19e5?s=96&d=mm&r=g","caption":"Flavio"},"url":"https:\/\/www.romaoggi.eu\/index.php\/author\/cristiano\/"}]}},"_links":{"self":[{"href":"https:\/\/www.romaoggi.eu\/index.php\/wp-json\/wp\/v2\/posts\/9844","targetHints":{"allow":["GET"]}}],"collection":[{"href":"https:\/\/www.romaoggi.eu\/index.php\/wp-json\/wp\/v2\/posts"}],"about":[{"href":"https:\/\/www.romaoggi.eu\/index.php\/wp-json\/wp\/v2\/types\/post"}],"author":[{"embeddable":true,"href":"https:\/\/www.romaoggi.eu\/index.php\/wp-json\/wp\/v2\/users\/5"}],"replies":[{"embeddable":true,"href":"https:\/\/www.romaoggi.eu\/index.php\/wp-json\/wp\/v2\/comments?post=9844"}],"version-history":[{"count":3,"href":"https:\/\/www.romaoggi.eu\/index.php\/wp-json\/wp\/v2\/posts\/9844\/revisions"}],"predecessor-version":[{"id":9849,"href":"https:\/\/www.romaoggi.eu\/index.php\/wp-json\/wp\/v2\/posts\/9844\/revisions\/9849"}],"wp:featuredmedia":[{"embeddable":true,"href":"https:\/\/www.romaoggi.eu\/index.php\/wp-json\/wp\/v2\/media\/9845"}],"wp:attachment":[{"href":"https:\/\/www.romaoggi.eu\/index.php\/wp-json\/wp\/v2\/media?parent=9844"}],"wp:term":[{"taxonomy":"category","embeddable":true,"href":"https:\/\/www.romaoggi.eu\/index.php\/wp-json\/wp\/v2\/categories?post=9844"},{"taxonomy":"post_tag","embeddable":true,"href":"https:\/\/www.romaoggi.eu\/index.php\/wp-json\/wp\/v2\/tags?post=9844"}],"curies":[{"name":"wp","href":"https:\/\/api.w.org\/{rel}","templated":true}]}}